{"id":1071,"date":"2019-10-28T15:52:51","date_gmt":"2019-10-28T19:52:51","guid":{"rendered":"http:\/\/www.jsmassicotte.com\/lappeldelaventure\/?p=1071"},"modified":"2019-10-28T15:54:31","modified_gmt":"2019-10-28T19:54:31","slug":"episode-12-special-ski-de-montagne-avec-maxime-bolduc-de-la-fqme-et-thomas-thiery-dest-ski","status":"publish","type":"post","link":"http:\/\/www.jsmassicotte.com\/lappeldelaventure\/2019\/10\/28\/episode-12-special-ski-de-montagne-avec-maxime-bolduc-de-la-fqme-et-thomas-thiery-dest-ski\/","title":{"rendered":"\u00c9pisode 12 \/ Sp\u00e9cial ski de montagne avec Maxime Bolduc de la FQME et Thomas Thiery d&rsquo;Est Ski"},"content":{"rendered":"\n<p class=\"has-drop-cap has-medium-font-size\">En attendant la neige, profitez d&rsquo;un tour d&rsquo;horizon en vue de la prochaine saison de ski de montagne avec l&rsquo;\u00e9pisode 12 de votre podcast plein air <em>L&rsquo;Appel de l&rsquo;aventure<\/em>.<\/p>\n\n\n\n<div class=\"wp-block-image\"><figure class=\"alignright is-resized\"><img loading=\"lazy\" decoding=\"async\" src=\"http:\/\/www.jsmassicotte.com\/lappeldelaventure\/wp-content\/uploads\/2019\/10\/IMG_2977-1024x1024.png\" alt=\"\" class=\"wp-image-1072\" width=\"316\" height=\"316\" srcset=\"http:\/\/www.jsmassicotte.com\/lappeldelaventure\/wp-content\/uploads\/2019\/10\/IMG_2977-1024x1024.png 1024w, http:\/\/www.jsmassicotte.com\/lappeldelaventure\/wp-content\/uploads\/2019\/10\/IMG_2977-150x150.png 150w, http:\/\/www.jsmassicotte.com\/lappeldelaventure\/wp-content\/uploads\/2019\/10\/IMG_2977-300x300.png 300w, http:\/\/www.jsmassicotte.com\/lappeldelaventure\/wp-content\/uploads\/2019\/10\/IMG_2977-768x768.png 768w, http:\/\/www.jsmassicotte.com\/lappeldelaventure\/wp-content\/uploads\/2019\/10\/IMG_2977-100x100.png 100w, http:\/\/www.jsmassicotte.com\/lappeldelaventure\/wp-content\/uploads\/2019\/10\/IMG_2977.png 1600w\" sizes=\"auto, (max-width: 316px) 100vw, 316px\" \/><\/figure><\/div>\n\n\n\n<p>Dans un premier temps (<a href=\"https:\/\/soundcloud.com\/lappeldelaventure\/episode-12-special-ski-de-montagne-avec-maxime-bolduc-de-la-fqme-et-thomas-thiery-dest-ski#t=1:52\" target=\"_blank\" rel=\"noreferrer noopener\" aria-label=\"1:52 (s\u2019ouvre dans un nouvel onglet)\">1:52<\/a>), Maxime Bolduc, coordonateur ski de montagne \u00e0 la <a rel=\"noreferrer noopener\" aria-label=\"F\u00e9d\u00e9ration qu\u00e9b\u00e9coise de la montagne et de l'escalade (s\u2019ouvre dans un nouvel onglet)\" href=\"https:\/\/fqme.qc.ca\" target=\"_blank\">F\u00e9d\u00e9ration qu\u00e9b\u00e9coise de la montagne et de l&rsquo;escalade<\/a>, nous parle du ph\u00e9nom\u00e8ne qui gagne en popularit\u00e9 hiver apr\u00e8s hiver. <\/p>\n\n\n\n<p>D\u00e9veloppement, s\u00e9curit\u00e9, nouvelles destinations&#8230; Jean-S\u00e9bastien fait le tour du sujet avec Maxime.<\/p>\n\n\n\n<p>Puis, entretien avec Thomas Thiery (<a href=\"https:\/\/soundcloud.com\/lappeldelaventure\/episode-12-special-ski-de-montagne-avec-maxime-bolduc-de-la-fqme-et-thomas-thiery-dest-ski#t=35:13\" target=\"_blank\" rel=\"noreferrer noopener\" aria-label=\"35:13 (s\u2019ouvre dans un nouvel onglet)\">35:13<\/a>), du populaire collectif <a rel=\"noreferrer noopener\" aria-label=\"Estski.ca (s\u2019ouvre dans un nouvel onglet)\" href=\"http:\/\/www.estski.ca\" target=\"_blank\">Estski.ca<\/a>. On revient sur les d\u00e9buts du projet, la passion du skieur fran\u00e7ais pour la glisse dans l&rsquo;Est et les exp\u00e9ditions r\u00e9centes au Labrador. <\/p>\n\n\n\n<p>D&rsquo;ailleurs, ne ratez pas la pr\u00e9sentation du film <em>Bienvenue \u00e0 Nain<\/em> en novembre (<a rel=\"noreferrer noopener\" aria-label=\"boutique.estski.ca (s\u2019ouvre dans un nouvel onglet)\" href=\"http:\/\/boutique.estski.ca\" target=\"_blank\">boutique.estski.ca<\/a>).<\/p>\n\n\n\n<iframe loading=\"lazy\" src=\"https:\/\/www.facebook.com\/plugins\/video.php?href=https%3A%2F%2Fwww.facebook.com%2Festski%2Fvideos%2F408206933221798%2F&#038;show_text=0&#038;width=560\" width=\"560\" height=\"315\" style=\"border:none;overflow:hidden\" scrolling=\"no\" frameborder=\"0\" allowTransparency=\"true\" allowFullScreen=\"true\"><\/iframe>\n\n\n\n<p>\u00c9pisode pr\u00e9sent\u00e9 en collaboration avec&nbsp;<a rel=\"noreferrer noopener\" href=\"https:\/\/gate.sc\/?url=http%3A%2F%2Fwww.arcteryx.com&amp;token=d648a0-1-1572291503485\" target=\"_blank\">www.arcteryx.com<\/a>, en partenariat avec la boutique&nbsp;<a rel=\"noreferrer noopener\" href=\"https:\/\/gate.sc\/?url=http%3A%2F%2Fwww.pagaiequebec.com&amp;token=691d05-1-1572291503485\" target=\"_blank\">www.pagaiequebec.com<\/a><\/p>\n\n\n\n<p>Bonne \u00e9coute!<\/p>\n\n\n\n<iframe loading=\"lazy\" width=\"100%\" height=\"166\" scrolling=\"no\" frameborder=\"no\" allow=\"autoplay\" src=\"https:\/\/w.soundcloud.com\/player\/?url=https%3A\/\/api.soundcloud.com\/tracks\/701816374&amp;color=%23ff5500&amp;auto_play=true&amp;hide_related=true&amp;show_comments=false&amp;show_user=true&amp;show_reposts=false&amp;show_teaser=false\"><\/iframe>\n\n\n\n<hr class=\"wp-block-separator\"\/>\n\n\n\n<p>Podcast h\u00e9berg\u00e9 sur Soundcloud: @<a href=\"https:\/\/soundcloud.com\/lappeldelaventure\">lappeldelaventure<\/a><\/p>\n\n\n\n<hr class=\"wp-block-separator\"\/>\n\n\n\n<p>Vous avez aim\u00e9 cet \u00e9pisode? Partagez la baladodiffusion sur vos r\u00e9seaux, commentez-la et contribuez du coup \u00e0 faire entendre L\u2019Appel de l\u2019aventure.<\/p>\n\n\n\n<p>Et vous aimez VRAIMENT notre projet, principal podcast plein air ind\u00e9pendant au Qu\u00e9bec? Faites une diff\u00e9rence:&nbsp;<a rel=\"noreferrer noopener\" href=\"https:\/\/gate.sc\/?url=http%3A%2F%2Fwww.jsmassicotte.com%2Flappeldelavent%E2%80%A6tez-le-podcast&amp;token=7307df-1-1572291503485\" target=\"_blank\">www.jsmassicotte.com\/lappeldelavent\u2026tez-le-podcast<\/a><\/p>\n","protected":false},"excerpt":{"rendered":"<p>En attendant la neige, profitez d&rsquo;un tour d&rsquo;horizon en vue de la prochaine saison de ski de montagne avec l&rsquo;\u00e9pisode 12 de votre podcast plein air L&rsquo;Appel de l&rsquo;aventure. Dans un premier temps (1:52), Maxime Bolduc, coordonateur ski de montagne \u00e0 la F\u00e9d\u00e9ration qu\u00e9b\u00e9coise de la montagne et de l&rsquo;escalade, nous parle du ph\u00e9nom\u00e8ne qui &hellip; <\/p>\n<p class=\"link-more\"><a href=\"http:\/\/www.jsmassicotte.com\/lappeldelaventure\/2019\/10\/28\/episode-12-special-ski-de-montagne-avec-maxime-bolduc-de-la-fqme-et-thomas-thiery-dest-ski\/\" class=\"more-link\">Continuer la lecture<span class=\"screen-reader-text\"> de &laquo; \u00c9pisode 12 \/ Sp\u00e9cial ski de montagne avec Maxime Bolduc de la FQME et Thomas Thiery d&rsquo;Est Ski &raquo;<\/span><\/a><\/p>\n","protected":false},"author":1,"featured_media":0,"comment_status":"open","ping_status":"open","sticky":false,"template":"","format":"standard","meta":{"footnotes":""},"categories":[7,2,6,11,13,25,41,40],"tags":[],"class_list":["post-1071","post","type-post","status-publish","format-standard","hentry","category-actualites","category-baladodiffusion","category-blogue","category-en-video","category-entrevue","category-sebastien-lapierre","category-ski","category-ski-de-montagne"],"_links":{"self":[{"href":"http:\/\/www.jsmassicotte.com\/lappeldelaventure\/wp-json\/wp\/v2\/posts\/1071","targetHints":{"allow":["GET"]}}],"collection":[{"href":"http:\/\/www.jsmassicotte.com\/lappeldelaventure\/wp-json\/wp\/v2\/posts"}],"about":[{"href":"http:\/\/www.jsmassicotte.com\/lappeldelaventure\/wp-json\/wp\/v2\/types\/post"}],"author":[{"embeddable":true,"href":"http:\/\/www.jsmassicotte.com\/lappeldelaventure\/wp-json\/wp\/v2\/users\/1"}],"replies":[{"embeddable":true,"href":"http:\/\/www.jsmassicotte.com\/lappeldelaventure\/wp-json\/wp\/v2\/comments?post=1071"}],"version-history":[{"count":3,"href":"http:\/\/www.jsmassicotte.com\/lappeldelaventure\/wp-json\/wp\/v2\/posts\/1071\/revisions"}],"predecessor-version":[{"id":1075,"href":"http:\/\/www.jsmassicotte.com\/lappeldelaventure\/wp-json\/wp\/v2\/posts\/1071\/revisions\/1075"}],"wp:attachment":[{"href":"http:\/\/www.jsmassicotte.com\/lappeldelaventure\/wp-json\/wp\/v2\/media?parent=1071"}],"wp:term":[{"taxonomy":"category","embeddable":true,"href":"http:\/\/www.jsmassicotte.com\/lappeldelaventure\/wp-json\/wp\/v2\/categories?post=1071"},{"taxonomy":"post_tag","embeddable":true,"href":"http:\/\/www.jsmassicotte.com\/lappeldelaventure\/wp-json\/wp\/v2\/tags?post=1071"}],"curies":[{"name":"wp","href":"https:\/\/api.w.org\/{rel}","templated":true}]}}