{"id":1099,"date":"2019-11-11T17:11:03","date_gmt":"2019-11-11T21:11:03","guid":{"rendered":"http:\/\/www.jsmassicotte.com\/lappeldelaventure\/?p=1099"},"modified":"2019-11-11T17:11:06","modified_gmt":"2019-11-11T21:11:06","slug":"episode-13-se-preparer-a-lhiver-avec-joanie-st-pierre-et-le-retour-du-festiglace","status":"publish","type":"post","link":"http:\/\/www.jsmassicotte.com\/lappeldelaventure\/2019\/11\/11\/episode-13-se-preparer-a-lhiver-avec-joanie-st-pierre-et-le-retour-du-festiglace\/","title":{"rendered":"\u00c9pisode 13 \/ Se pr\u00e9parer \u00e0 l&rsquo;hiver avec Joanie St-Pierre et le retour du Festiglace"},"content":{"rendered":"\n<p class=\"has-drop-cap has-medium-font-size\">Au programme de l&rsquo;\u00e9pisode 13 de <em>L&rsquo;Appel de l&rsquo;aventure<\/em>, votre balado plein air, on se pr\u00e9pare de belles fa\u00e7ons pour l&rsquo;hiver.<\/p>\n\n\n\n<figure class=\"wp-block-image\"><img loading=\"lazy\" decoding=\"async\" width=\"1024\" height=\"683\" src=\"http:\/\/www.jsmassicotte.com\/lappeldelaventure\/wp-content\/uploads\/2019\/05\/DSC00524-1024x683.jpg\" alt=\"\" class=\"wp-image-354\" srcset=\"http:\/\/www.jsmassicotte.com\/lappeldelaventure\/wp-content\/uploads\/2019\/05\/DSC00524-1024x683.jpg 1024w, http:\/\/www.jsmassicotte.com\/lappeldelaventure\/wp-content\/uploads\/2019\/05\/DSC00524-300x200.jpg 300w, http:\/\/www.jsmassicotte.com\/lappeldelaventure\/wp-content\/uploads\/2019\/05\/DSC00524-768x512.jpg 768w\" sizes=\"auto, (max-width: 767px) 89vw, (max-width: 1000px) 54vw, (max-width: 1071px) 543px, 580px\" \/><figcaption>Trottinette des neige, parc national de la Jacques-Cartier, hiver 2019<\/figcaption><\/figure>\n\n\n\n<p>Dans un premier temps, on s&rsquo;acclimate au froid hivernal avec l&rsquo;aide de notre chroniqueuse famille Joanie St-Pierre de <a rel=\"noreferrer noopener\" aria-label=\"Ti-Mousse dans Brousse (s\u2019ouvre dans un nouvel onglet)\" href=\"http:\/\/www.timoussedansbrousse.com\" target=\"_blank\">Ti-Mousse dans Brousse<\/a> (<a href=\"https:\/\/soundcloud.com\/lappeldelaventure\/episode-13-se-preparer-a-lhiver-et-le-retour-du-festiglace#t=3:38\" target=\"_blank\" rel=\"noreferrer noopener\" aria-label=\"3:38 (s\u2019ouvre dans un nouvel onglet)\">3:38<\/a>). <\/p>\n\n\n\n<div class=\"wp-block-image\"><figure class=\"alignright is-resized\"><img loading=\"lazy\" decoding=\"async\" src=\"http:\/\/www.jsmassicotte.com\/lappeldelaventure\/wp-content\/uploads\/2019\/06\/DSC06532-1024x682.jpg\" alt=\"\" class=\"wp-image-492\" width=\"277\" height=\"184\" srcset=\"http:\/\/www.jsmassicotte.com\/lappeldelaventure\/wp-content\/uploads\/2019\/06\/DSC06532-1024x682.jpg 1024w, http:\/\/www.jsmassicotte.com\/lappeldelaventure\/wp-content\/uploads\/2019\/06\/DSC06532-300x200.jpg 300w, http:\/\/www.jsmassicotte.com\/lappeldelaventure\/wp-content\/uploads\/2019\/06\/DSC06532-768x512.jpg 768w, http:\/\/www.jsmassicotte.com\/lappeldelaventure\/wp-content\/uploads\/2019\/06\/DSC06532.jpg 1214w\" sizes=\"auto, (max-width: 277px) 100vw, 277px\" \/><figcaption>Joanie St-Pierre, chroniqueuse famille<\/figcaption><\/figure><\/div>\n\n\n\n<p>Concepts de base, conseils et suggestions en pr\u00e9vision de l&rsquo;arriv\u00e9e de l&rsquo;hiver, histoire d&rsquo;assurer un maximum de confort et d&rsquo;agr\u00e9ment pour les petits et les plus grands!<\/p>\n\n\n\n<p>Et question d&rsquo;\u00eatre fin pr\u00eat \u00e0 tous les niveaux, S\u00e9bastien nous propose (<a href=\"https:\/\/soundcloud.com\/lappeldelaventure\/episode-13-se-preparer-a-lhiver-et-le-retour-du-festiglace#t=34:01\" target=\"_blank\" rel=\"noreferrer noopener\" aria-label=\"34:01 (s\u2019ouvre dans un nouvel onglet)\">34:01<\/a>) quelques activit\u00e9s hivernales \u00e0 ne pas manquer, mais qui demandent de la pr\u00e9paration pour y participer.<\/p>\n\n\n\n<p>Puis, Jean-S\u00e9bastien s&rsquo;entretient avec Dany Julien (<a href=\"https:\/\/soundcloud.com\/lappeldelaventure\/episode-13-se-preparer-a-lhiver-et-le-retour-du-festiglace#t=37:50\" target=\"_blank\" rel=\"noreferrer noopener\" aria-label=\"37:50 (s\u2019ouvre dans un nouvel onglet)\">37:50<\/a>), l&rsquo;un des instigateurs du retour du Festiglace (<a rel=\"noreferrer noopener\" href=\"https:\/\/gate.sc\/?url=http%3A%2F%2Fwww.festiglace.org&amp;token=33e6af-1-1573500484571\" target=\"_blank\">www.festiglace.org<\/a>), le r\u00e9put\u00e9 rassemblement de grimpeurs qui a fait vibrer les parois de glace et de roche de Portneuf de 1998 \u00e0 2007.<\/p>\n\n\n\n<iframe loading=\"lazy\" src=\"https:\/\/www.facebook.com\/plugins\/video.php?href=https%3A%2F%2Fwww.facebook.com%2Ffestiglacepontrouge%2Fvideos%2F839130713159296%2F&#038;show_text=0&#038;width=560\" width=\"560\" height=\"315\" style=\"border:none;overflow:hidden\" scrolling=\"no\" frameborder=\"0\" allowTransparency=\"true\" allowFullScreen=\"true\"><\/iframe>\n\n\n\n<p>\u00c9pisode pr\u00e9sent\u00e9 en collaboration avec\u00a0<a rel=\"noreferrer noopener\" href=\"https:\/\/gate.sc\/?url=http%3A%2F%2Fwww.arcteryx.com&amp;token=a53f84-1-1573500484571\" target=\"_blank\">www.arcteryx.com<\/a>, en partenariat avec la boutique\u00a0<a rel=\"noreferrer noopener\" href=\"https:\/\/gate.sc\/?url=http%3A%2F%2Fwww.pagaiequebec.com&amp;token=4cebfc-1-1573500484571\" target=\"_blank\">www.pagaiequebec.com<\/a><\/p>\n\n\n\n<p>Bonne \u00e9coute!<\/p>\n\n\n\n<iframe loading=\"lazy\" width=\"100%\" height=\"166\" scrolling=\"no\" frameborder=\"no\" allow=\"autoplay\" src=\"https:\/\/w.soundcloud.com\/player\/?url=https%3A\/\/api.soundcloud.com\/tracks\/710043706&#038;color=%23ff5500&#038;auto_play=true&#038;hide_related=true&#038;show_comments=false&#038;show_user=true&#038;show_reposts=false&#038;show_teaser=false\"><\/iframe>\n\n\n\n<hr class=\"wp-block-separator\"\/>\n\n\n\n<p>Podcast h\u00e9berg\u00e9 sur Soundcloud: @<a href=\"https:\/\/soundcloud.com\/lappeldelaventure\">lappeldelaventure<\/a><\/p>\n\n\n\n<hr class=\"wp-block-separator\"\/>\n\n\n\n<p>Vous avez aim\u00e9 cet \u00e9pisode? Partagez la baladodiffusion sur vos r\u00e9seaux, commentez-la et contribuez du coup \u00e0 faire entendre <em>L\u2019Appel de l\u2019aventure<\/em>.<\/p>\n\n\n\n<p>Et vous aimez VRAIMENT notre projet, principal podcast plein air ind\u00e9pendant au Qu\u00e9bec? Faites une diff\u00e9rence:&nbsp;<a href=\"https:\/\/gate.sc\/?url=http%3A%2F%2Fwww.jsmassicotte.com%2Flappeldelavent%E2%80%A6tez-le-podcast&amp;token=69ebae-1-1573500484571\" rel=\"noreferrer noopener\" target=\"_blank\">www.jsmassicotte.com\/lappeldelavent\u2026tez-le-podcast<\/a><\/p>\n","protected":false},"excerpt":{"rendered":"<p>Au programme de l&rsquo;\u00e9pisode 13 de L&rsquo;Appel de l&rsquo;aventure, votre balado plein air, on se pr\u00e9pare de belles fa\u00e7ons pour l&rsquo;hiver. Dans un premier temps, on s&rsquo;acclimate au froid hivernal avec l&rsquo;aide de notre chroniqueuse famille Joanie St-Pierre de Ti-Mousse dans Brousse (3:38). Concepts de base, conseils et suggestions en pr\u00e9vision de l&rsquo;arriv\u00e9e de l&rsquo;hiver, &hellip; <\/p>\n<p class=\"link-more\"><a href=\"http:\/\/www.jsmassicotte.com\/lappeldelaventure\/2019\/11\/11\/episode-13-se-preparer-a-lhiver-avec-joanie-st-pierre-et-le-retour-du-festiglace\/\" class=\"more-link\">Continuer la lecture<span class=\"screen-reader-text\"> de &laquo; \u00c9pisode 13 \/ Se pr\u00e9parer \u00e0 l&rsquo;hiver avec Joanie St-Pierre et le retour du Festiglace &raquo;<\/span><\/a><\/p>\n","protected":false},"author":1,"featured_media":0,"comment_status":"open","ping_status":"open","sticky":false,"template":"","format":"standard","meta":{"footnotes":""},"categories":[7,2,13,23,19,25,21],"tags":[],"class_list":["post-1099","post","type-post","status-publish","format-standard","hentry","category-actualites","category-baladodiffusion","category-entrevue","category-escalade","category-famille","category-sebastien-lapierre","category-ti-mousse-dans-brousse"],"_links":{"self":[{"href":"http:\/\/www.jsmassicotte.com\/lappeldelaventure\/wp-json\/wp\/v2\/posts\/1099","targetHints":{"allow":["GET"]}}],"collection":[{"href":"http:\/\/www.jsmassicotte.com\/lappeldelaventure\/wp-json\/wp\/v2\/posts"}],"about":[{"href":"http:\/\/www.jsmassicotte.com\/lappeldelaventure\/wp-json\/wp\/v2\/types\/post"}],"author":[{"embeddable":true,"href":"http:\/\/www.jsmassicotte.com\/lappeldelaventure\/wp-json\/wp\/v2\/users\/1"}],"replies":[{"embeddable":true,"href":"http:\/\/www.jsmassicotte.com\/lappeldelaventure\/wp-json\/wp\/v2\/comments?post=1099"}],"version-history":[{"count":1,"href":"http:\/\/www.jsmassicotte.com\/lappeldelaventure\/wp-json\/wp\/v2\/posts\/1099\/revisions"}],"predecessor-version":[{"id":1100,"href":"http:\/\/www.jsmassicotte.com\/lappeldelaventure\/wp-json\/wp\/v2\/posts\/1099\/revisions\/1100"}],"wp:attachment":[{"href":"http:\/\/www.jsmassicotte.com\/lappeldelaventure\/wp-json\/wp\/v2\/media?parent=1099"}],"wp:term":[{"taxonomy":"category","embeddable":true,"href":"http:\/\/www.jsmassicotte.com\/lappeldelaventure\/wp-json\/wp\/v2\/categories?post=1099"},{"taxonomy":"post_tag","embeddable":true,"href":"http:\/\/www.jsmassicotte.com\/lappeldelaventure\/wp-json\/wp\/v2\/tags?post=1099"}],"curies":[{"name":"wp","href":"https:\/\/api.w.org\/{rel}","templated":true}]}}