{"id":1338,"date":"2020-01-22T12:53:52","date_gmt":"2020-01-22T16:53:52","guid":{"rendered":"http:\/\/www.jsmassicotte.com\/lappeldelaventure\/?p=1338"},"modified":"2020-01-22T13:05:57","modified_gmt":"2020-01-22T17:05:57","slug":"jornet-fosberg-sansoz-et-cie-dominent-des-ordures-pour-la-bonne-cause","status":"publish","type":"post","link":"http:\/\/www.jsmassicotte.com\/lappeldelaventure\/2020\/01\/22\/jornet-fosberg-sansoz-et-cie-dominent-des-ordures-pour-la-bonne-cause\/","title":{"rendered":"Jornet, Fosberg, Sansoz et cie dominent des ordures pour la bonne cause"},"content":{"rendered":"\n<p class=\"has-drop-cap has-medium-font-size\">Les sessions photographiques de <a rel=\"noreferrer noopener\" aria-label=\"Dom Daher (s\u2019ouvre dans un nouvel onglet)\" href=\"https:\/\/www.instagram.com\/domdaher\/\" target=\"_blank\">Dom Daher<\/a> sont superbes malgr\u00e9 le fait que les mod\u00e8les, des personnalit\u00e9s de l&rsquo;aventure comme les coureurs et montagnards Kilian Jornet et Emilie Fosberg, ou encore la grimpeuse et alpiniste Liv Sansov, se retrouvent en action parmi les d\u00e9tritus.<\/p>\n\n\n\n<p>Une fa\u00e7on de marquer les esprits pour Daher et les 10 sportifs mis en lumi\u00e8re de la sorte. Pour cette campagne baptis\u00e9e <a rel=\"noreferrer noopener\" aria-label=\"\u00abUne bouteille \u00e0 la mer\u00bb (s\u2019ouvre dans un nouvel onglet)\" href=\"https:\/\/www.neufdixieme.com\/une-bouteille-a-la-mer\" target=\"_blank\">\u00abUne bouteille \u00e0 la mer\u00bb<\/a>, une initiative du freeskieur Mathieu<em> <\/em>Navillod, l&rsquo;id\u00e9e \u00e9tait de mettre en contexte certains des premiers acteurs \u00e0 constater directement la d\u00e9gradation des milieux naturels. <\/p>\n\n\n\n<iframe loading=\"lazy\" width=\"560\" height=\"315\" src=\"https:\/\/www.youtube.com\/embed\/swBeBUWV8dk\" frameborder=\"0\" allow=\"accelerometer; autoplay; encrypted-media; gyroscope; picture-in-picture\" allowfullscreen><\/iframe>\n\n\n\n<p>Kilian Jornet, Emelie Fosberg, Liv Sansoz, Jean-Fr\u00e9d\u00e9ric Chapuis (skicross, VTT), Mathieu Navillod (freeski), St\u00e9phane Tourreau (apn\u00e9e), Z\u00e9bulon Roche (alpinisme, parapente), Rico Leroy (surf, SUP), Laurie Renoton (course en sentier, VTT, ski alpinisme) et Romain Raisson (parapente, freeski) posent ainsi pour Dom Daher dans des environnements sombres et sales qui tranchent avec ceux o\u00f9 l&rsquo;on est habit\u00e9 de les voir \u00e9voluer, en grande nature.<\/p>\n\n\n\n<figure class=\"wp-block-image size-large\"><img loading=\"lazy\" decoding=\"async\" width=\"1024\" height=\"683\" src=\"http:\/\/www.jsmassicotte.com\/lappeldelaventure\/wp-content\/uploads\/2020\/01\/UBAM-Diptyque-E.Fosberg-1024x683-1.jpg\" alt=\"\" class=\"wp-image-1340\" srcset=\"http:\/\/www.jsmassicotte.com\/lappeldelaventure\/wp-content\/uploads\/2020\/01\/UBAM-Diptyque-E.Fosberg-1024x683-1.jpg 1024w, http:\/\/www.jsmassicotte.com\/lappeldelaventure\/wp-content\/uploads\/2020\/01\/UBAM-Diptyque-E.Fosberg-1024x683-1-300x200.jpg 300w, http:\/\/www.jsmassicotte.com\/lappeldelaventure\/wp-content\/uploads\/2020\/01\/UBAM-Diptyque-E.Fosberg-1024x683-1-768x512.jpg 768w\" sizes=\"auto, (max-width: 767px) 89vw, (max-width: 1000px) 54vw, (max-width: 1071px) 543px, 580px\" \/><figcaption>Campagne avec Emilie Fosberg \u2014 Photos Dom Daher<\/figcaption><\/figure>\n\n\n\n<figure class=\"wp-block-image size-large\"><img loading=\"lazy\" decoding=\"async\" width=\"1024\" height=\"683\" src=\"http:\/\/www.jsmassicotte.com\/lappeldelaventure\/wp-content\/uploads\/2020\/01\/UBAM-Diptyque-R.Raisson-1024x683.jpg\" alt=\"\" class=\"wp-image-1341\" srcset=\"http:\/\/www.jsmassicotte.com\/lappeldelaventure\/wp-content\/uploads\/2020\/01\/UBAM-Diptyque-R.Raisson-1024x683.jpg 1024w, http:\/\/www.jsmassicotte.com\/lappeldelaventure\/wp-content\/uploads\/2020\/01\/UBAM-Diptyque-R.Raisson-300x200.jpg 300w, http:\/\/www.jsmassicotte.com\/lappeldelaventure\/wp-content\/uploads\/2020\/01\/UBAM-Diptyque-R.Raisson-768x512.jpg 768w, http:\/\/www.jsmassicotte.com\/lappeldelaventure\/wp-content\/uploads\/2020\/01\/UBAM-Diptyque-R.Raisson.jpg 1200w\" sizes=\"auto, (max-width: 767px) 89vw, (max-width: 1000px) 54vw, (max-width: 1071px) 543px, 580px\" \/><figcaption>Campagne avec <em>Romain Raisson \u2014 Photos Dom Daher<\/em><\/figcaption><\/figure>\n\n\n\n<figure class=\"wp-block-image size-large\"><img loading=\"lazy\" decoding=\"async\" width=\"1024\" height=\"683\" src=\"http:\/\/www.jsmassicotte.com\/lappeldelaventure\/wp-content\/uploads\/2020\/01\/UBAM-Diptyque-K.Jornet-1024x683-1.jpg\" alt=\"\" class=\"wp-image-1342\" srcset=\"http:\/\/www.jsmassicotte.com\/lappeldelaventure\/wp-content\/uploads\/2020\/01\/UBAM-Diptyque-K.Jornet-1024x683-1.jpg 1024w, http:\/\/www.jsmassicotte.com\/lappeldelaventure\/wp-content\/uploads\/2020\/01\/UBAM-Diptyque-K.Jornet-1024x683-1-300x200.jpg 300w, http:\/\/www.jsmassicotte.com\/lappeldelaventure\/wp-content\/uploads\/2020\/01\/UBAM-Diptyque-K.Jornet-1024x683-1-768x512.jpg 768w\" sizes=\"auto, (max-width: 767px) 89vw, (max-width: 1000px) 54vw, (max-width: 1071px) 543px, 580px\" \/><figcaption><em>Campagne avec Kilian Jornet \u2014 Photos Dom Daher<\/em><\/figcaption><\/figure>\n\n\n\n<p>Sur <a rel=\"noreferrer noopener\" aria-label=\"le site Web du projet (s\u2019ouvre dans un nouvel onglet)\" href=\"https:\/\/www.neufdixieme.com\/une-bouteille-a-la-mer\" target=\"_blank\">le site Web du projet<\/a>, Kilian Jornet explique le passage \u00e0 l&rsquo;action:  <\/p>\n\n\n\n<p>\u00abCette prise de parole collective me semble importante au moment o\u00f9 l\u2019on sent les gens de plus en plus r\u00e9ceptifs au discours sur l\u2019environnement. En tant qu\u2019athl\u00e8te de haut niveau, je suis acteur de cette pollution\u00a0: on voyage partout dans le monde, on a beaucoup de mat\u00e9riel. Il y a quelques ann\u00e9es, on prenait des h\u00e9licos pour les tournages, on parcourait la plan\u00e8te dans tous les sens en avion. Une vraie h\u00e9r\u00e9sie, avec le recul. Mais on peut se racheter et c\u2019est le moment de le faire. La question est\u00a0: comment r\u00e9duire cette empreinte? Pour ma part, en r\u00e9duisant mes all\u00e9es et venues, en prenant le train quand c\u2019est possible, en mangeant des l\u00e9gumes de mon jardin, en ayant l\u2019habitation la plus \u00e9cologique possible. Je sais que tout le monde ne peut pas se permettre de manger bio, que c\u2019est une sorte de privil\u00e8ge, mais on peut faire du lobbying aupr\u00e8s des grosses compagnies alimentaires pour les obliger \u00e0 faire du vrai bio bon march\u00e9. On a cr\u00e9e des montagnes de poubelles, mais en triant et en recyclant, on peut les r\u00e9duire consid\u00e9rablement.\u00bb<\/p>\n\n\n\n<p>La campagne pr\u00e9sente du coup des statistiques frappantes li\u00e9es \u00e0 notre effet sur l&rsquo;environnement, ou encore encourageant le recyclage ou d&rsquo;autres moyens pour faire sa part et aider la nature.<\/p>\n\n\n\n<p>De quoi attirer l&rsquo;attention et faire r\u00e9fl\u00e9chir le public&#8230; et les athl\u00e8tes eux-m\u00eames.  <\/p>\n\n\n\n<p>Car seul b\u00e9mol, la remarque d&rsquo;observateurs qui trouvent un peu hypocrite l&rsquo;association entre certaines de ces vedettes et des commanditaires au coeur de r\u00e9elles pr\u00e9occupations environnementales. <a rel=\"noreferrer noopener\" aria-label=\"Le cas de Jornet et son partenaire Volvic (s\u2019ouvre dans un nouvel onglet)\" href=\"https:\/\/www2.u-trail.com\/jornet-bouteilles-volvic\/\" target=\"_blank\">Le cas de Jornet et son partenaire Volvic<\/a>, l&rsquo;eau en bouteille, fait notamment sourciller depuis un moment.<\/p>\n\n\n\n<p>Faut-il s&rsquo;en offusquer? Vous en pensez quoi?<\/p>\n\n\n\n<hr class=\"wp-block-separator\"\/>\n\n\n\n<p><em>(Re)d\u00e9couvrez les \u00e9pisodes de la saison 01 de L\u2019Appel de l\u2019aventure&nbsp;\u2014 votre balado plein air<\/em><\/p>\n\n\n\n<figure><iframe loading=\"lazy\" width=\"100%\" height=\"450\" src=\"https:\/\/w.soundcloud.com\/player\/?url=https%3A\/\/api.soundcloud.com\/users\/614904471&amp;color=%23ff5500&amp;auto_play=true&amp;hide_related=true&amp;show_comments=false&amp;show_user=false&amp;show_reposts=false&amp;show_teaser=false\"><\/iframe><\/figure>\n\n\n\n<p><em><strong>D\u00e9couvrez la baladodiffusion\u00a0<\/strong><\/em><strong>L\u2019Appel de l\u2019aventure <\/strong><em><strong>sur <\/strong><\/em><a rel=\"noreferrer noopener\" href=\"http:\/\/feeds.soundcloud.com\/users\/soundcloud:users:614904471\/sounds.rss\" target=\"_blank\"><em><strong>Soundcloud<\/strong><\/em><\/a><em><strong>, <a rel=\"noreferrer noopener\" href=\"https:\/\/open.spotify.com\/show\/79LCl2xA2ChNECrNpk2kyp?si=eekuJwyrRU-NuIBX4V3nBA\" target=\"_blank\">Spotify<\/a>, <\/strong><\/em><em><strong><a rel=\"noreferrer noopener\" href=\"https:\/\/podcasts.apple.com\/ca\/podcast\/lappel-de-laventure-votre-balado-plein-air\/id1465034906\" target=\"_blank\">iTunes<\/a> <\/strong><\/em><em><strong>\u00a0<a rel=\"noreferrer noopener\" href=\"https:\/\/playmusic.app.goo.gl\/?ibi=com.google.PlayMusic&amp;isi=691797987&amp;ius=googleplaymusic&amp;apn=com.google.android.music&amp;link=https:\/\/play.google.com\/music\/m\/I5r6vthsfwnlkdo2ioy4wqbu6ba?t%3DL'Appel_de_l'aventure_-_Votre_balado_plein_air%26pcampaignid%3DMKT-na-all-co-pr-mu-pod-16\" target=\"_blank\">Google Play Music<\/a> ou \u00e0 <\/strong><\/em><a rel=\"noreferrer noopener\" href=\"http:\/\/JSMassicotte.info\" target=\"_blank\"><em><strong>JSMassicotte.info<\/strong><\/em><\/a><em><strong>.<\/strong><\/em><\/p>\n","protected":false},"excerpt":{"rendered":"<p>Les sessions photographiques de Dom Daher sont superbes malgr\u00e9 le fait que les mod\u00e8les, des personnalit\u00e9s de l&rsquo;aventure comme les coureurs et montagnards Kilian Jornet et Emilie Fosberg, ou encore la grimpeuse et alpiniste Liv Sansov, se retrouvent en action parmi les d\u00e9tritus. Une fa\u00e7on de marquer les esprits pour Daher et les 10 sportifs &hellip; <\/p>\n<p class=\"link-more\"><a href=\"http:\/\/www.jsmassicotte.com\/lappeldelaventure\/2020\/01\/22\/jornet-fosberg-sansoz-et-cie-dominent-des-ordures-pour-la-bonne-cause\/\" class=\"more-link\">Continuer la lecture<span class=\"screen-reader-text\"> de &laquo; Jornet, Fosberg, Sansoz et cie dominent des ordures pour la bonne cause &raquo;<\/span><\/a><\/p>\n","protected":false},"author":1,"featured_media":0,"comment_status":"open","ping_status":"open","sticky":false,"template":"","format":"standard","meta":{"footnotes":""},"categories":[7,6,22,37,23,33,41,40,38,28,30],"tags":[],"class_list":["post-1338","post","type-post","status-publish","format-standard","hentry","category-actualites","category-blogue","category-course","category-eau","category-escalade","category-photographie","category-ski","category-ski-de-montagne","category-surf-a-pagaie","category-velo","category-voyage"],"_links":{"self":[{"href":"http:\/\/www.jsmassicotte.com\/lappeldelaventure\/wp-json\/wp\/v2\/posts\/1338","targetHints":{"allow":["GET"]}}],"collection":[{"href":"http:\/\/www.jsmassicotte.com\/lappeldelaventure\/wp-json\/wp\/v2\/posts"}],"about":[{"href":"http:\/\/www.jsmassicotte.com\/lappeldelaventure\/wp-json\/wp\/v2\/types\/post"}],"author":[{"embeddable":true,"href":"http:\/\/www.jsmassicotte.com\/lappeldelaventure\/wp-json\/wp\/v2\/users\/1"}],"replies":[{"embeddable":true,"href":"http:\/\/www.jsmassicotte.com\/lappeldelaventure\/wp-json\/wp\/v2\/comments?post=1338"}],"version-history":[{"count":5,"href":"http:\/\/www.jsmassicotte.com\/lappeldelaventure\/wp-json\/wp\/v2\/posts\/1338\/revisions"}],"predecessor-version":[{"id":1347,"href":"http:\/\/www.jsmassicotte.com\/lappeldelaventure\/wp-json\/wp\/v2\/posts\/1338\/revisions\/1347"}],"wp:attachment":[{"href":"http:\/\/www.jsmassicotte.com\/lappeldelaventure\/wp-json\/wp\/v2\/media?parent=1338"}],"wp:term":[{"taxonomy":"category","embeddable":true,"href":"http:\/\/www.jsmassicotte.com\/lappeldelaventure\/wp-json\/wp\/v2\/categories?post=1338"},{"taxonomy":"post_tag","embeddable":true,"href":"http:\/\/www.jsmassicotte.com\/lappeldelaventure\/wp-json\/wp\/v2\/tags?post=1338"}],"curies":[{"name":"wp","href":"https:\/\/api.w.org\/{rel}","templated":true}]}}