{"id":1348,"date":"2020-01-28T01:03:20","date_gmt":"2020-01-28T05:03:20","guid":{"rendered":"http:\/\/www.jsmassicotte.com\/lappeldelaventure\/?p=1348"},"modified":"2020-01-28T01:15:54","modified_gmt":"2020-01-28T05:15:54","slug":"leverest-a-70-ans-pour-lincrevable-marc-batard","status":"publish","type":"post","link":"http:\/\/www.jsmassicotte.com\/lappeldelaventure\/2020\/01\/28\/leverest-a-70-ans-pour-lincrevable-marc-batard\/","title":{"rendered":"L&rsquo;Everest \u00e0 70 ans pour l&rsquo;increvable Marc Batard"},"content":{"rendered":"\n<p class=\"has-drop-cap has-medium-font-size\">Assur\u00e9ment, le Fran\u00e7ais Marc Batard a trouv\u00e9 la fontaine de Jouvence. \u00c0 68 ans, il s&rsquo;est remis \u00e0 grimper sur les plus hauts sommets de la plan\u00e8te \u00e0 un rythme effr\u00e9n\u00e9, lui qui se pr\u00e9pare m\u00eame \u00e0 retourner \u00e0 l&rsquo;Everest pour ses 70 ans.<\/p>\n\n\n\n<figure class=\"wp-block-image size-large\"><a href=\"https:\/\/www.facebook.com\/MarcBatardlEverestenpartage\/photos\/a.998494650192346\/3422056511169469\/?type=3&amp;theater\" target=\"_blank\" rel=\"noreferrer noopener\"><img loading=\"lazy\" decoding=\"async\" width=\"768\" height=\"1024\" src=\"http:\/\/www.jsmassicotte.com\/lappeldelaventure\/wp-content\/uploads\/2020\/01\/82234109_3422056524502801_4253212749229719552_o-768x1024.jpg\" alt=\"\" class=\"wp-image-1349\" srcset=\"http:\/\/www.jsmassicotte.com\/lappeldelaventure\/wp-content\/uploads\/2020\/01\/82234109_3422056524502801_4253212749229719552_o-768x1024.jpg 768w, http:\/\/www.jsmassicotte.com\/lappeldelaventure\/wp-content\/uploads\/2020\/01\/82234109_3422056524502801_4253212749229719552_o-225x300.jpg 225w, http:\/\/www.jsmassicotte.com\/lappeldelaventure\/wp-content\/uploads\/2020\/01\/82234109_3422056524502801_4253212749229719552_o-1152x1536.jpg 1152w, http:\/\/www.jsmassicotte.com\/lappeldelaventure\/wp-content\/uploads\/2020\/01\/82234109_3422056524502801_4253212749229719552_o.jpg 1200w\" sizes=\"auto, (max-width: 767px) 89vw, (max-width: 1000px) 54vw, (max-width: 1071px) 543px, 580px\" \/><\/a><figcaption>Marc Batard posait ce mois-ci en compagnie du d\u00e9sormais c\u00e9l\u00e8bre alpiniste <a rel=\"noreferrer noopener\" aria-label=\"Nirmal \u00abNims\u00bb Purjal (s\u2019ouvre dans un nouvel onglet)\" href=\"http:\/\/www.jsmassicotte.com\/lappeldelaventure\/2019\/10\/30\/nirmal-purja-reussit-les-14-plus-hauts-sommets-de-la-terre-en-moins-de-7-mois\/\" target=\"_blank\">Nirmal \u00abNims\u00bb Purjal<\/a> sur les flancs de l&rsquo;Aconcagua. \u2014 Photo tir\u00e9e de Facebook<\/figcaption><\/figure>\n\n\n\n<p>L&rsquo;alpiniste d&rsquo;exp\u00e9rience pr\u00e9voit s&rsquo;attaquer au toit du monde sans oxyg\u00e8ne en 2022, point d&rsquo;orgue d&rsquo;une s\u00e9rie d&rsquo;aventures sur les sommets les plus \u00e9lev\u00e9s de la plan\u00e8te qui vise le financement de sa future \u00e9cole de guides sp\u00e9cialis\u00e9s dans la tr\u00e8s haute altitude.<\/p>\n\n\n\n<p>Marc Batard a frapp\u00e9 l&rsquo;imaginaire en septembre 1988, lorsqu&rsquo;il a r\u00e9alis\u00e9 une ascension record de l&rsquo;Everest (8848 m) sans oxyg\u00e8ne en 22h29min depuis le camp de base de la face Sud. Une marque qui tient toujours. Le<em> Livre des records Guinness<\/em> le pr\u00e9sente d&rsquo;ailleurs comme le premier \u00e0 avoir r\u00e9alis\u00e9 l&rsquo;ascension du g\u00e9ant en moins de 24h.<\/p>\n\n\n\n<p>Disparu de l&rsquo;avant-sc\u00e8ne de la montagne et des ascensions engag\u00e9es depuis pr\u00e8s de 25 ans, Batard semble avoir retrouv\u00e9 ses rep\u00e8res et le d\u00e9sir d&rsquo;\u00e9voluer en altitude avec grand app\u00e9tit.<\/p>\n\n\n\n<p>R\u00e9cemment, en &nbsp;janvier, le sexag\u00e9naire a r\u00e9alis\u00e9 deux fois l\u2019ascension d&rsquo;affil\u00e9e de l\u2019Aconcagua (6962 m), ultime sommet des Am\u00e9riques, en Argentine.<\/p>\n\n\n\n<p>Pour celui qui est encore connu comme le \u00absprinter de l&rsquo;Everest\u00bb, ce retour \u00e0 l&rsquo;action en route vers le toit du monde est une occasion de joindre l&rsquo;utile \u00e0 l&rsquo;agr\u00e9able. \u00abL&rsquo;Everest, c&rsquo;est un d\u00e9fi personnel, pour me faire plaisir. Mais l&rsquo;id\u00e9e, c&rsquo;est aussi d&rsquo;utiliser les m\u00e9dias pour rassembler des fonds pour le projet d&rsquo;\u00e9cole de guides au N\u00e9pal. \u00c7a marche bien, on avance sereinement\u00bb, a-t-il <a rel=\"noreferrer noopener\" aria-label=\"r\u00e9sum\u00e9 en entrevue \u00e0 Montagnes Magazine (s\u2019ouvre dans un nouvel onglet)\" href=\"https:\/\/www.montagnes-magazine.com\/actus-marc-batard-everest-point-mire-partage?fbclid=IwAR3QXigb5aJdhoLGSEMGY-jNAksmyO5hfTfriZuaWWXE-KUmRXYAjZIQ_wc\" target=\"_blank\">r\u00e9sum\u00e9 en entrevue \u00e0 <em>Montagnes Magazine<\/em><\/a>.<\/p>\n\n\n\n<p>L&rsquo;op\u00e9ration baptis\u00e9e <a rel=\"noreferrer noopener\" aria-label=\"\u00abLa caravane de la transmission - L'Everest en partage\u00bb (s\u2019ouvre dans un nouvel onglet)\" href=\"https:\/\/caravanedelatransmission.com\" target=\"_blank\">\u00abLa caravane de la transmission &#8211; L&rsquo;Everest en partage\u00bb<\/a> se d\u00e9cline en six \u00e9tapes dans les Alpes et dans l&rsquo;Himalaya, incluant l&rsquo;exploit \u00e0 venir \u00e0 l&rsquo;Everest.<\/p>\n\n\n\n<p>Chemin faisait, Marc Batard souhaite ainsi soutenir la cr\u00e9ation de la premi\u00e8re \u00e9cole de formation des m\u00e9tiers de guide de tr\u00e8s haute montagne au N\u00e9pal, l&rsquo;Himalayan International Mountaineering School (HIMS). <\/p>\n\n\n\n<p>Un legs pour le Fran\u00e7ais qui croit que l&rsquo;\u00e9ducation des professionnels de la montagne de tous les horizons doit \u00eatre am\u00e9lior\u00e9e, en particulier quand vient le temps de guider sur les plus hautes cimes du monde.<\/p>\n\n\n\n<p>La vid\u00e9o ci-dessous donne un aper\u00e7u physique du projet imagin\u00e9.<\/p>\n\n\n\n<iframe loading=\"lazy\" width=\"560\" height=\"315\" src=\"https:\/\/www.youtube.com\/embed\/6aCNYxYqY3Q\" frameborder=\"0\" allow=\"accelerometer; autoplay; encrypted-media; gyroscope; picture-in-picture\" allowfullscreen=\"\"><\/iframe>\n\n\n\n<hr class=\"wp-block-separator\"\/>\n\n\n\n<p><em>(Re)d\u00e9couvrez les \u00e9pisodes de la saison 01 de L\u2019Appel de l\u2019aventure&nbsp;\u2014 votre balado plein air<\/em><\/p>\n\n\n\n<figure><iframe loading=\"lazy\" width=\"100%\" height=\"450\" src=\"https:\/\/w.soundcloud.com\/player\/?url=https%3A\/\/api.soundcloud.com\/users\/614904471&amp;color=%23ff5500&amp;auto_play=true&amp;hide_related=true&amp;show_comments=false&amp;show_user=false&amp;show_reposts=false&amp;show_teaser=false\"><\/iframe><\/figure>\n\n\n\n<p><em><strong>D\u00e9couvrez la baladodiffusion&nbsp;<\/strong><\/em><strong>L\u2019Appel de l\u2019aventure&nbsp;<\/strong><em><strong>sur&nbsp;<\/strong><\/em><a rel=\"noreferrer noopener\" href=\"http:\/\/feeds.soundcloud.com\/users\/soundcloud:users:614904471\/sounds.rss\" target=\"_blank\"><em><strong>Soundcloud<\/strong><\/em><\/a><em><strong>,&nbsp;<a rel=\"noreferrer noopener\" href=\"https:\/\/open.spotify.com\/show\/79LCl2xA2ChNECrNpk2kyp?si=eekuJwyrRU-NuIBX4V3nBA\" target=\"_blank\">Spotify<\/a>,&nbsp;<\/strong><\/em><em><strong><a rel=\"noreferrer noopener\" href=\"https:\/\/podcasts.apple.com\/ca\/podcast\/lappel-de-laventure-votre-balado-plein-air\/id1465034906\" target=\"_blank\">iTunes<\/a>&nbsp;<\/strong><\/em><em><strong>&nbsp;<a rel=\"noreferrer noopener\" href=\"https:\/\/playmusic.app.goo.gl\/?ibi=com.google.PlayMusic&amp;isi=691797987&amp;ius=googleplaymusic&amp;apn=com.google.android.music&amp;link=https:\/\/play.google.com\/music\/m\/I5r6vthsfwnlkdo2ioy4wqbu6ba?t%3DL'Appel_de_l'aventure_-_Votre_balado_plein_air%26pcampaignid%3DMKT-na-all-co-pr-mu-pod-16\" target=\"_blank\">Google Play Music<\/a>&nbsp;ou \u00e0&nbsp;<\/strong><\/em><a rel=\"noreferrer noopener\" href=\"http:\/\/JSMassicotte.info\" target=\"_blank\"><em><strong>JSMassicotte.info<\/strong><\/em><\/a><em><strong>.<\/strong><\/em><\/p>\n","protected":false},"excerpt":{"rendered":"<p>Assur\u00e9ment, le Fran\u00e7ais Marc Batard a trouv\u00e9 la fontaine de Jouvence. \u00c0 68 ans, il s&rsquo;est remis \u00e0 grimper sur les plus hauts sommets de la plan\u00e8te \u00e0 un rythme effr\u00e9n\u00e9, lui qui se pr\u00e9pare m\u00eame \u00e0 retourner \u00e0 l&rsquo;Everest pour ses 70 ans. L&rsquo;alpiniste d&rsquo;exp\u00e9rience pr\u00e9voit s&rsquo;attaquer au toit du monde sans oxyg\u00e8ne en &hellip; <\/p>\n<p class=\"link-more\"><a href=\"http:\/\/www.jsmassicotte.com\/lappeldelaventure\/2020\/01\/28\/leverest-a-70-ans-pour-lincrevable-marc-batard\/\" class=\"more-link\">Continuer la lecture<span class=\"screen-reader-text\"> de &laquo; L&rsquo;Everest \u00e0 70 ans pour l&rsquo;increvable Marc Batard &raquo;<\/span><\/a><\/p>\n","protected":false},"author":1,"featured_media":0,"comment_status":"open","ping_status":"open","sticky":false,"template":"","format":"standard","meta":{"footnotes":""},"categories":[7,6,23,8,35],"tags":[],"class_list":["post-1348","post","type-post","status-publish","format-standard","hentry","category-actualites","category-blogue","category-escalade","category-expedition","category-extreme"],"_links":{"self":[{"href":"http:\/\/www.jsmassicotte.com\/lappeldelaventure\/wp-json\/wp\/v2\/posts\/1348","targetHints":{"allow":["GET"]}}],"collection":[{"href":"http:\/\/www.jsmassicotte.com\/lappeldelaventure\/wp-json\/wp\/v2\/posts"}],"about":[{"href":"http:\/\/www.jsmassicotte.com\/lappeldelaventure\/wp-json\/wp\/v2\/types\/post"}],"author":[{"embeddable":true,"href":"http:\/\/www.jsmassicotte.com\/lappeldelaventure\/wp-json\/wp\/v2\/users\/1"}],"replies":[{"embeddable":true,"href":"http:\/\/www.jsmassicotte.com\/lappeldelaventure\/wp-json\/wp\/v2\/comments?post=1348"}],"version-history":[{"count":3,"href":"http:\/\/www.jsmassicotte.com\/lappeldelaventure\/wp-json\/wp\/v2\/posts\/1348\/revisions"}],"predecessor-version":[{"id":1352,"href":"http:\/\/www.jsmassicotte.com\/lappeldelaventure\/wp-json\/wp\/v2\/posts\/1348\/revisions\/1352"}],"wp:attachment":[{"href":"http:\/\/www.jsmassicotte.com\/lappeldelaventure\/wp-json\/wp\/v2\/media?parent=1348"}],"wp:term":[{"taxonomy":"category","embeddable":true,"href":"http:\/\/www.jsmassicotte.com\/lappeldelaventure\/wp-json\/wp\/v2\/categories?post=1348"},{"taxonomy":"post_tag","embeddable":true,"href":"http:\/\/www.jsmassicotte.com\/lappeldelaventure\/wp-json\/wp\/v2\/tags?post=1348"}],"curies":[{"name":"wp","href":"https:\/\/api.w.org\/{rel}","templated":true}]}}