{"id":1370,"date":"2020-02-14T16:12:56","date_gmt":"2020-02-14T20:12:56","guid":{"rendered":"http:\/\/www.jsmassicotte.com\/lappeldelaventure\/?p=1370"},"modified":"2020-02-14T16:12:56","modified_gmt":"2020-02-14T20:12:56","slug":"premiere-descente-en-parapente-apres-lascension-du-mythique-cerro-torre","status":"publish","type":"post","link":"http:\/\/www.jsmassicotte.com\/lappeldelaventure\/2020\/02\/14\/premiere-descente-en-parapente-apres-lascension-du-mythique-cerro-torre\/","title":{"rendered":"Premi\u00e8re descente en parapente apr\u00e8s l&rsquo;ascension du mythique Cerro Torre"},"content":{"rendered":"\n<p class=\"has-drop-cap has-medium-font-size\">Comme si gravir le mythique Cerro Torre, en Patagonie, n&rsquo;\u00e9tait pas d\u00e9j\u00e0 assez exceptionnel, le grimpeur professionnel Fabian Buhl en a ajout\u00e9 une couche la semaine derni\u00e8re. <\/p>\n\n\n\n<p class=\"has-normal-font-size\">Une fois au sommet de l&rsquo;aiguille qui culmine \u00e0 3128 m, l&rsquo;Allemand de 29 ans a \u00e9tendu la voile de son parapente sur la neige du sommet avant de s&rsquo;\u00e9lancer dans le vide. Une premi\u00e8re.<\/p>\n\n\n\n<figure class=\"wp-block-image size-large is-style-default\"><img loading=\"lazy\" decoding=\"async\" width=\"1024\" height=\"1024\" src=\"http:\/\/www.jsmassicotte.com\/lappeldelaventure\/wp-content\/uploads\/2020\/02\/84306030_10157524039344892_222835904182484992_o-1024x1024.jpg\" alt=\"\" class=\"wp-image-1372\" srcset=\"http:\/\/www.jsmassicotte.com\/lappeldelaventure\/wp-content\/uploads\/2020\/02\/84306030_10157524039344892_222835904182484992_o-1024x1024.jpg 1024w, http:\/\/www.jsmassicotte.com\/lappeldelaventure\/wp-content\/uploads\/2020\/02\/84306030_10157524039344892_222835904182484992_o-300x300.jpg 300w, http:\/\/www.jsmassicotte.com\/lappeldelaventure\/wp-content\/uploads\/2020\/02\/84306030_10157524039344892_222835904182484992_o-150x150.jpg 150w, http:\/\/www.jsmassicotte.com\/lappeldelaventure\/wp-content\/uploads\/2020\/02\/84306030_10157524039344892_222835904182484992_o-768x768.jpg 768w, http:\/\/www.jsmassicotte.com\/lappeldelaventure\/wp-content\/uploads\/2020\/02\/84306030_10157524039344892_222835904182484992_o-1536x1536.jpg 1536w, http:\/\/www.jsmassicotte.com\/lappeldelaventure\/wp-content\/uploads\/2020\/02\/84306030_10157524039344892_222835904182484992_o-100x100.jpg 100w, http:\/\/www.jsmassicotte.com\/lappeldelaventure\/wp-content\/uploads\/2020\/02\/84306030_10157524039344892_222835904182484992_o.jpg 1540w\" sizes=\"auto, (max-width: 767px) 89vw, (max-width: 1000px) 54vw, (max-width: 1071px) 543px, 580px\" \/><figcaption>Fabian Buhl durant sa descente en parapente du Cerro Torre \u2014 Photo tir\u00e9e d&rsquo;une vid\u00e9o<\/figcaption><\/figure>\n\n\n\n<p>Et pour cause, m\u00eame dans des conditions id\u00e9ales l&rsquo;op\u00e9ration reste d\u00e9licate et incertaine. Mais quand tout va pour le mieux, un grimpeur et parapentiste peut quitter cet environnement hostile \u00e0 vitesse grand V.<\/p>\n\n\n\n<p>Parlez-en \u00e0 Buhl, qui a retrouv\u00e9 le plancher des vaches en \u00e0 peine 17 minutes&#8230; au lieu de la journ\u00e9e et demie n\u00e9cessaire pour compl\u00e9ter les nombreux rappels et la marche de retour vers la civilisation.<\/p>\n\n\n\n<p>En deux \u00e9quipes de trois grimpeurs, Buhl et ses copains de cord\u00e9e ont gravi la voie Ragni.<\/p>\n\n\n\n<p>Le magazine <a rel=\"noreferrer noopener\" aria-label=\"Rock and Ice souligne (s\u2019ouvre dans un nouvel onglet)\" href=\"https:\/\/rockandice.com\/climbing-news\/fabian-buhl-climbs-cerro-torre-and-paraglides-off-summit\/\" target=\"_blank\"><em>Rock and Ice<\/em> souligne<\/a> que la descente en parapente avait d\u00e9j\u00e0 \u00e9t\u00e9 effectu\u00e9e deux fois auparavant, soit par les fr\u00e8res Michael et Matthias Pinn en 1988, puis par Roman Tschurtschenthaler en 1991. Mais dans les deux cas, les parapentistes s&rsquo;\u00e9taient fait d\u00e9poser sur le sommet en h\u00e9licopt\u00e8re. <\/p>\n\n\n\n<p>Grimpeur de grand talent, il est \u00e9tonnant de savoir que Buhl est relativement nouveau en parapente, lui qui s&rsquo;y est mis il y a \u00e0 peine un an!<\/p>\n\n\n\n<p>\u00abCet automne j&rsquo;ai vol\u00e9 passablement\u00bb, a-t-il expliqu\u00e9 \u00e0 <em>Rock and Ice<\/em>. \u00abMais je suis loin d&rsquo;\u00eatre un bon pilote.\u00bb<\/p>\n\n\n\n<p>Difficile alors d&rsquo;imaginer ce qu&rsquo;il pourra accomplir lorsqu&rsquo;il aura fait ses classes!<\/p>\n\n\n\n<iframe loading=\"lazy\" width=\"560\" height=\"315\" src=\"https:\/\/www.youtube.com\/embed\/3iTA0SM-uUc\" frameborder=\"0\" allow=\"accelerometer; autoplay; encrypted-media; gyroscope; picture-in-picture\" allowfullscreen><\/iframe>\n\n\n\n<hr class=\"wp-block-separator\"\/>\n\n\n\n<p><em>(Re)d\u00e9couvrez les \u00e9pisodes de la saison 01 de L\u2019Appel de l\u2019aventure&nbsp;\u2014 votre balado plein air<\/em><\/p>\n\n\n\n<figure><iframe loading=\"lazy\" width=\"100%\" height=\"450\" src=\"https:\/\/w.soundcloud.com\/player\/?url=https%3A\/\/api.soundcloud.com\/users\/614904471&amp;color=%23ff5500&amp;auto_play=true&amp;hide_related=true&amp;show_comments=false&amp;show_user=false&amp;show_reposts=false&amp;show_teaser=false\"><\/iframe><\/figure>\n\n\n\n<p><em><strong>D\u00e9couvrez la baladodiffusion&nbsp;<\/strong><\/em><strong>L\u2019Appel de l\u2019aventure&nbsp;<\/strong><em><strong>sur&nbsp;<\/strong><\/em><a rel=\"noreferrer noopener\" href=\"http:\/\/feeds.soundcloud.com\/users\/soundcloud:users:614904471\/sounds.rss\" target=\"_blank\"><em><strong>Soundcloud<\/strong><\/em><\/a><em><strong>,&nbsp;<a rel=\"noreferrer noopener\" href=\"https:\/\/open.spotify.com\/show\/79LCl2xA2ChNECrNpk2kyp?si=eekuJwyrRU-NuIBX4V3nBA\" target=\"_blank\">Spotify<\/a>,&nbsp;<\/strong><\/em><em><strong><a rel=\"noreferrer noopener\" href=\"https:\/\/podcasts.apple.com\/ca\/podcast\/lappel-de-laventure-votre-balado-plein-air\/id1465034906\" target=\"_blank\">iTunes<\/a>,&nbsp;<\/strong><\/em><em><strong><a rel=\"noreferrer noopener\" href=\"https:\/\/playmusic.app.goo.gl\/?ibi=com.google.PlayMusic&amp;isi=691797987&amp;ius=googleplaymusic&amp;apn=com.google.android.music&amp;link=https:\/\/play.google.com\/music\/m\/I5r6vthsfwnlkdo2ioy4wqbu6ba?t%3DL'Appel_de_l'aventure_-_Votre_balado_plein_air%26pcampaignid%3DMKT-na-all-co-pr-mu-pod-16\" target=\"_blank\">Google Play Music<\/a>&nbsp;ou \u00e0&nbsp;<\/strong><\/em><a rel=\"noreferrer noopener\" href=\"http:\/\/JSMassicotte.info\" target=\"_blank\"><em><strong>JSMassicotte.info<\/strong><\/em><\/a><em><strong>.<\/strong><\/em><\/p>\n","protected":false},"excerpt":{"rendered":"<p>Comme si gravir le mythique Cerro Torre, en Patagonie, n&rsquo;\u00e9tait pas d\u00e9j\u00e0 assez exceptionnel, le grimpeur professionnel Fabian Buhl en a ajout\u00e9 une couche la semaine derni\u00e8re. Une fois au sommet de l&rsquo;aiguille qui culmine \u00e0 3128 m, l&rsquo;Allemand de 29 ans a \u00e9tendu la voile de son parapente sur la neige du sommet avant &hellip; <\/p>\n<p class=\"link-more\"><a href=\"http:\/\/www.jsmassicotte.com\/lappeldelaventure\/2020\/02\/14\/premiere-descente-en-parapente-apres-lascension-du-mythique-cerro-torre\/\" class=\"more-link\">Continuer la lecture<span class=\"screen-reader-text\"> de &laquo; Premi\u00e8re descente en parapente apr\u00e8s l&rsquo;ascension du mythique Cerro Torre &raquo;<\/span><\/a><\/p>\n","protected":false},"author":1,"featured_media":0,"comment_status":"open","ping_status":"open","sticky":false,"template":"","format":"standard","meta":{"footnotes":""},"categories":[7,36,6,11,23,35],"tags":[],"class_list":["post-1370","post","type-post","status-publish","format-standard","hentry","category-actualites","category-adrenaline","category-blogue","category-en-video","category-escalade","category-extreme"],"_links":{"self":[{"href":"http:\/\/www.jsmassicotte.com\/lappeldelaventure\/wp-json\/wp\/v2\/posts\/1370","targetHints":{"allow":["GET"]}}],"collection":[{"href":"http:\/\/www.jsmassicotte.com\/lappeldelaventure\/wp-json\/wp\/v2\/posts"}],"about":[{"href":"http:\/\/www.jsmassicotte.com\/lappeldelaventure\/wp-json\/wp\/v2\/types\/post"}],"author":[{"embeddable":true,"href":"http:\/\/www.jsmassicotte.com\/lappeldelaventure\/wp-json\/wp\/v2\/users\/1"}],"replies":[{"embeddable":true,"href":"http:\/\/www.jsmassicotte.com\/lappeldelaventure\/wp-json\/wp\/v2\/comments?post=1370"}],"version-history":[{"count":2,"href":"http:\/\/www.jsmassicotte.com\/lappeldelaventure\/wp-json\/wp\/v2\/posts\/1370\/revisions"}],"predecessor-version":[{"id":1373,"href":"http:\/\/www.jsmassicotte.com\/lappeldelaventure\/wp-json\/wp\/v2\/posts\/1370\/revisions\/1373"}],"wp:attachment":[{"href":"http:\/\/www.jsmassicotte.com\/lappeldelaventure\/wp-json\/wp\/v2\/media?parent=1370"}],"wp:term":[{"taxonomy":"category","embeddable":true,"href":"http:\/\/www.jsmassicotte.com\/lappeldelaventure\/wp-json\/wp\/v2\/categories?post=1370"},{"taxonomy":"post_tag","embeddable":true,"href":"http:\/\/www.jsmassicotte.com\/lappeldelaventure\/wp-json\/wp\/v2\/tags?post=1370"}],"curies":[{"name":"wp","href":"https:\/\/api.w.org\/{rel}","templated":true}]}}