{"id":1396,"date":"2020-03-04T16:56:36","date_gmt":"2020-03-04T20:56:36","guid":{"rendered":"http:\/\/www.jsmassicotte.com\/lappeldelaventure\/?p=1396"},"modified":"2020-03-04T16:56:40","modified_gmt":"2020-03-04T20:56:40","slug":"episode-15-lancement-de-la-saison-02-du-podcast-et-fat-bike-longue-distance-avec-lexpedition-quebec-plein-nord","status":"publish","type":"post","link":"http:\/\/www.jsmassicotte.com\/lappeldelaventure\/2020\/03\/04\/episode-15-lancement-de-la-saison-02-du-podcast-et-fat-bike-longue-distance-avec-lexpedition-quebec-plein-nord\/","title":{"rendered":"\u00c9pisode 15 \/ Lancement de la saison 02 du podcast et fat bike longue distance avec l&rsquo;Exp\u00e9dition Qu\u00e9bec Plein Nord"},"content":{"rendered":"\n<p class=\"has-drop-cap has-medium-font-size\">Nous sommes de retour! C&rsquo;est avec grand bonheur que nous vous retrouvons pour la saison 02 de <em>L&rsquo;Appel de l&rsquo;aventure<\/em>. <\/p>\n\n\n\n<iframe loading=\"lazy\" width=\"100%\" height=\"166\" scrolling=\"no\" frameborder=\"no\" allow=\"autoplay\" src=\"https:\/\/w.soundcloud.com\/player\/?url=https%3A\/\/api.soundcloud.com\/tracks\/768241393&#038;color=%23ff5500&#038;auto_play=false&#038;hide_related=true&#038;show_comments=false&#038;show_user=false&#038;show_reposts=false&#038;show_teaser=true\"><\/iframe>\n\n\n\n<p>Pour cet \u00e9pisode inaugural de 2020, Jean-S\u00e9bastien et S\u00e9bastien lancent la nouvelle saison de votre podcast plein air et en profitent pour d&rsquo;abord revenir sur ce qu&rsquo;ils ont fait de marquant dans les derni\u00e8res semaines.<\/p>\n\n\n\n<p>Dans un premier temps, S\u00e9bastien nous parle de son passage sur le lac Saint-Jean pour le Double d\u00e9fi des deux Mario, de la fondation <a href=\"https:\/\/pointedespieds.com\" target=\"_blank\" rel=\"noreferrer noopener\" aria-label=\"Sur la pointe des pieds (s\u2019ouvre dans un nouvel onglet)\">Sur la pointe des pieds<\/a>. <\/p>\n\n\n\n<iframe loading=\"lazy\" src=\"https:\/\/www.facebook.com\/plugins\/post.php?href=https%3A%2F%2Fwww.facebook.com%2FFondationSurLaPointeDesPieds%2Fposts%2F1558161964322589&#038;width=500\" width=\"500\" height=\"592\" style=\"border:none;overflow:hidden\" scrolling=\"no\" frameborder=\"0\" allowTransparency=\"true\" allow=\"encrypted-media\"><\/iframe>\n\n\n\n<p>De son c\u00f4t\u00e9, Jean-S\u00e9bastien a suivi une formation de s\u00e9curit\u00e9 en avalanche. Un cours th\u00e9orique et pratique qui a confirm\u00e9 l&rsquo;importance de ma\u00eetriser certaines comp\u00e9tences avant d&rsquo;aller jouer en montagne.<\/p>\n\n\n\n<div class=\"wp-block-image is-style-default\"><figure class=\"alignright size-large is-resized\"><img loading=\"lazy\" decoding=\"async\" src=\"http:\/\/www.jsmassicotte.com\/lappeldelaventure\/wp-content\/uploads\/2020\/03\/IMG_2983-1024x1024.jpg\" alt=\"\" class=\"wp-image-1397\" width=\"284\" height=\"284\" srcset=\"http:\/\/www.jsmassicotte.com\/lappeldelaventure\/wp-content\/uploads\/2020\/03\/IMG_2983-1024x1024.jpg 1024w, http:\/\/www.jsmassicotte.com\/lappeldelaventure\/wp-content\/uploads\/2020\/03\/IMG_2983-300x300.jpg 300w, http:\/\/www.jsmassicotte.com\/lappeldelaventure\/wp-content\/uploads\/2020\/03\/IMG_2983-150x150.jpg 150w, http:\/\/www.jsmassicotte.com\/lappeldelaventure\/wp-content\/uploads\/2020\/03\/IMG_2983-768x768.jpg 768w, http:\/\/www.jsmassicotte.com\/lappeldelaventure\/wp-content\/uploads\/2020\/03\/IMG_2983-1536x1536.jpg 1536w, http:\/\/www.jsmassicotte.com\/lappeldelaventure\/wp-content\/uploads\/2020\/03\/IMG_2983.jpg 2048w, http:\/\/www.jsmassicotte.com\/lappeldelaventure\/wp-content\/uploads\/2020\/03\/IMG_2983-100x100.jpg 100w\" sizes=\"auto, (max-width: 284px) 100vw, 284px\" \/><\/figure><\/div>\n\n\n\n<p>Les textes mentionn\u00e9s par Jean-S\u00e9bastien dans ces segments: <a rel=\"noreferrer noopener\" aria-label=\" (s\u2019ouvre dans un nouvel onglet)\" href=\"https:\/\/www.lesoleil.com\/le-mag\/plein-air\/defi-polaire-loin-de-la-rive-958278a1e64eb73c5f4199a263e88e8a\" target=\"_blank\">l&rsquo;histoire du Double d\u00e9fi publi\u00e9 dans <em>Le Soleil<\/em><\/a> et le touchant <a rel=\"noreferrer noopener\" aria-label=\"t\u00e9moignage d'Adam Campbell (s\u2019ouvre dans un nouvel onglet)\" href=\"https:\/\/www.cbc.ca\/news\/canada\/calgary\/laura-kosakoski-avalanche-death-1.5473338\" target=\"_blank\">t\u00e9moignage d&rsquo;Adam Campbell<\/a>, dont la femme est d\u00e9c\u00e9d\u00e9e dans une avalanche en janvier.<\/p>\n\n\n\n<p>Sur une note plus joyeuse, S\u00e9bastien a pu nous en dire un peu plus sur son passage \u00e0 l&rsquo;\u00e9mission <em>Exp\u00e9dition Extr\u00eame<\/em>, sur les ondes de Z T\u00e9l\u00e9. L&rsquo;\u00e9pisode le mettant en vedette sera diffus\u00e9 le mercredi 11 mars, \u00e0 20h. <\/p>\n\n\n\n<p>\u00c0 voir la bande-annonce de cette quatri\u00e8me saison qui s&rsquo;amorce le mercredi 4 mars, l&rsquo;\u00e9mission anim\u00e9e par Francis Bouillon sera fort int\u00e9ressante \u00e0 suivre.<\/p>\n\n\n\n<iframe loading=\"lazy\" src=\"https:\/\/www.facebook.com\/plugins\/video.php?href=https%3A%2F%2Fwww.facebook.com%2Fproductionslustitia%2Fvideos%2F611872409358943%2F&#038;show_text=1&#038;width=560\" width=\"560\" height=\"476\" style=\"border:none;overflow:hidden\" scrolling=\"no\" frameborder=\"0\" allowTransparency=\"true\" allow=\"encrypted-media\" allowFullScreen=\"true\"><\/iframe>\n\n\n\n<p>En deuxi\u00e8me segment du podcast, Jean-S\u00e9bastien et S\u00e9bastien s&rsquo;entretiennent avec Simon-Pierre Goneau, de l&rsquo;<a rel=\"noreferrer noopener\" aria-label=\"Exp\u00e9dition Qu\u00e9bec Plein Nord (s\u2019ouvre dans un nouvel onglet)\" href=\"http:\/\/www.expeqcnor.com\" target=\"_blank\">Exp\u00e9dition Qu\u00e9bec Plein Nord<\/a>, qui tente actuellement de relier en fat bike les points les plus au sud et au nord du Qu\u00e9bec. <\/p>\n\n\n\n<p>Une sortie de v\u00e9lo d&rsquo;environ 2800 km dans le froid, les glaces, la solitude&#8230; et les ours polaires!<\/p>\n\n\n\n<iframe loading=\"lazy\" src=\"https:\/\/www.facebook.com\/plugins\/post.php?href=https%3A%2F%2Fwww.facebook.com%2Fexpeqcnor%2Fphotos%2Fa.166895224693989%2F198777708172407%2F%3Ftype%3D3&#038;width=500\" width=\"500\" height=\"286\" style=\"border:none;overflow:hidden\" scrolling=\"no\" frameborder=\"0\" allowTransparency=\"true\" allow=\"encrypted-media\"><\/iframe>\n\n\n\n<p>Merci d&rsquo;\u00eatre au rendez-vous. Bonne nouvelle saison et bonne \u00e9coute!<\/p>\n\n\n\n<hr class=\"wp-block-separator\"\/>\n\n\n\n<p>\u00c9pisode pr\u00e9sent\u00e9 en collaboration avec&nbsp;<a href=\"https:\/\/gate.sc\/?url=http%3A%2F%2Fwww.arcteryx.com&amp;token=2a2070-1-1583346532694\" rel=\"noreferrer noopener\" target=\"_blank\">www.arcteryx.com<\/a>&nbsp;et avec la boutique&nbsp;<a href=\"https:\/\/gate.sc\/?url=http%3A%2F%2Fwww.pagaiequebec.com&amp;token=3870dd-1-1583346532694\" rel=\"noreferrer noopener\" target=\"_blank\">www.pagaiequebec.com<\/a><\/p>\n\n\n\n<p>Podcast h\u00e9berg\u00e9 sur Soundcloud: @<a href=\"https:\/\/soundcloud.com\/lappeldelaventure\">lappeldelaventure<\/a><\/p>\n\n\n\n<hr class=\"wp-block-separator\"\/>\n\n\n\n<p>Vous avez aim\u00e9 cet \u00e9pisode? Partagez la baladodiffusion sur vos r\u00e9seaux, commentez-la et contribuez du coup \u00e0 faire entendre <em>L\u2019Appel de l\u2019aventure<\/em>.<\/p>\n\n\n\n<p>Et vous aimez VRAIMENT notre projet, principal podcast plein air ind\u00e9pendant au Qu\u00e9bec? Faites une diff\u00e9rence:&nbsp;<a href=\"https:\/\/gate.sc\/?url=http%3A%2F%2Fwww.jsmassicotte.com%2Flappeldelavent%E2%80%A6tez-le-podcast&amp;token=4ad733-1-1583346532694\" rel=\"noreferrer noopener\" target=\"_blank\">www.jsmassicotte.com\/lappeldelavent\u2026tez-le-podcast<\/a><\/p>\n","protected":false},"excerpt":{"rendered":"<p>Nous sommes de retour! C&rsquo;est avec grand bonheur que nous vous retrouvons pour la saison 02 de L&rsquo;Appel de l&rsquo;aventure. Pour cet \u00e9pisode inaugural de 2020, Jean-S\u00e9bastien et S\u00e9bastien lancent la nouvelle saison de votre podcast plein air et en profitent pour d&rsquo;abord revenir sur ce qu&rsquo;ils ont fait de marquant dans les derni\u00e8res semaines. &hellip; <\/p>\n<p class=\"link-more\"><a href=\"http:\/\/www.jsmassicotte.com\/lappeldelaventure\/2020\/03\/04\/episode-15-lancement-de-la-saison-02-du-podcast-et-fat-bike-longue-distance-avec-lexpedition-quebec-plein-nord\/\" class=\"more-link\">Continuer la lecture<span class=\"screen-reader-text\"> de &laquo; \u00c9pisode 15 \/ Lancement de la saison 02 du podcast et fat bike longue distance avec l&rsquo;Exp\u00e9dition Qu\u00e9bec Plein Nord &raquo;<\/span><\/a><\/p>\n","protected":false},"author":1,"featured_media":0,"comment_status":"open","ping_status":"open","sticky":false,"template":"","format":"standard","meta":{"footnotes":""},"categories":[7,2,6,32,11,13,8,25,44,41,40,28,30],"tags":[],"class_list":["post-1396","post","type-post","status-publish","format-standard","hentry","category-actualites","category-baladodiffusion","category-blogue","category-decouverte","category-en-video","category-entrevue","category-expedition","category-sebastien-lapierre","category-securite","category-ski","category-ski-de-montagne","category-velo","category-voyage"],"_links":{"self":[{"href":"http:\/\/www.jsmassicotte.com\/lappeldelaventure\/wp-json\/wp\/v2\/posts\/1396","targetHints":{"allow":["GET"]}}],"collection":[{"href":"http:\/\/www.jsmassicotte.com\/lappeldelaventure\/wp-json\/wp\/v2\/posts"}],"about":[{"href":"http:\/\/www.jsmassicotte.com\/lappeldelaventure\/wp-json\/wp\/v2\/types\/post"}],"author":[{"embeddable":true,"href":"http:\/\/www.jsmassicotte.com\/lappeldelaventure\/wp-json\/wp\/v2\/users\/1"}],"replies":[{"embeddable":true,"href":"http:\/\/www.jsmassicotte.com\/lappeldelaventure\/wp-json\/wp\/v2\/comments?post=1396"}],"version-history":[{"count":1,"href":"http:\/\/www.jsmassicotte.com\/lappeldelaventure\/wp-json\/wp\/v2\/posts\/1396\/revisions"}],"predecessor-version":[{"id":1398,"href":"http:\/\/www.jsmassicotte.com\/lappeldelaventure\/wp-json\/wp\/v2\/posts\/1396\/revisions\/1398"}],"wp:attachment":[{"href":"http:\/\/www.jsmassicotte.com\/lappeldelaventure\/wp-json\/wp\/v2\/media?parent=1396"}],"wp:term":[{"taxonomy":"category","embeddable":true,"href":"http:\/\/www.jsmassicotte.com\/lappeldelaventure\/wp-json\/wp\/v2\/categories?post=1396"},{"taxonomy":"post_tag","embeddable":true,"href":"http:\/\/www.jsmassicotte.com\/lappeldelaventure\/wp-json\/wp\/v2\/tags?post=1396"}],"curies":[{"name":"wp","href":"https:\/\/api.w.org\/{rel}","templated":true}]}}