{"id":1404,"date":"2020-03-13T21:02:25","date_gmt":"2020-03-14T01:02:25","guid":{"rendered":"http:\/\/www.jsmassicotte.com\/lappeldelaventure\/?p=1404"},"modified":"2020-03-13T21:09:08","modified_gmt":"2020-03-14T01:09:08","slug":"episode-16-la-lecon-de-courage-de-yannick-limary-et-lacademie-des-explorateurs-vaolo-avec-joanie-st-pierre","status":"publish","type":"post","link":"http:\/\/www.jsmassicotte.com\/lappeldelaventure\/2020\/03\/13\/episode-16-la-lecon-de-courage-de-yannick-limary-et-lacademie-des-explorateurs-vaolo-avec-joanie-st-pierre\/","title":{"rendered":"\u00c9pisode 16\/ La le\u00e7on de courage de Yannick Limary et l&rsquo;Acad\u00e9mie des explorateurs Vaolo avec Joanie St-Pierre"},"content":{"rendered":"\n<p class=\"has-drop-cap has-medium-font-size\">Une histoire de courage et de r\u00e9silience est au programme du 16e \u00e9pisode de <em>L&rsquo;Appel de l&rsquo;aventure<\/em>. <\/p>\n\n\n\n<p>En effet, nous recevons <a rel=\"noreferrer noopener\" aria-label=\"le cin\u00e9aste Yannick Limary (s\u2019ouvre dans un nouvel onglet)\" href=\"http:\/\/www.jsmassicotte.com\/lappeldelaventure\/2020\/03\/13\/episode-16-la-lecon-de-courage-de-yannick-limary-et-lacademie-des-explorateurs-vaolo-avec-joanie-st-pierre\/\" target=\"_blank\">le cin\u00e9aste Yannick Limary<\/a>, bless\u00e9 gravement l&rsquo;hiver dernier aux vert\u00e8bres et \u00e0 la mo\u00eblle \u00e9pini\u00e8re dans un b\u00eate accident de planche \u00e0 neige dans le backcountry.<\/p>\n\n\n\n<div class=\"wp-block-image is-style-default\"><figure class=\"alignright size-large is-resized\"><img loading=\"lazy\" decoding=\"async\" src=\"http:\/\/www.jsmassicotte.com\/lappeldelaventure\/wp-content\/uploads\/2020\/03\/ep16-1024x1024.jpg\" alt=\"\" class=\"wp-image-1407\" width=\"256\" height=\"256\" srcset=\"http:\/\/www.jsmassicotte.com\/lappeldelaventure\/wp-content\/uploads\/2020\/03\/ep16-1024x1024.jpg 1024w, http:\/\/www.jsmassicotte.com\/lappeldelaventure\/wp-content\/uploads\/2020\/03\/ep16-300x300.jpg 300w, http:\/\/www.jsmassicotte.com\/lappeldelaventure\/wp-content\/uploads\/2020\/03\/ep16-150x150.jpg 150w, http:\/\/www.jsmassicotte.com\/lappeldelaventure\/wp-content\/uploads\/2020\/03\/ep16-768x768.jpg 768w, http:\/\/www.jsmassicotte.com\/lappeldelaventure\/wp-content\/uploads\/2020\/03\/ep16-1536x1536.jpg 1536w, http:\/\/www.jsmassicotte.com\/lappeldelaventure\/wp-content\/uploads\/2020\/03\/ep16.jpg 2048w, http:\/\/www.jsmassicotte.com\/lappeldelaventure\/wp-content\/uploads\/2020\/03\/ep16-100x100.jpg 100w\" sizes=\"auto, (max-width: 256px) 100vw, 256px\" \/><\/figure><\/div>\n\n\n\n<p>Son histoire nous avait beaucoup touch\u00e9 l&rsquo;hiver dernier, tandis que le r\u00e9sident de L&rsquo;Anse-Saint-Jean tentait de retrouver ses moyens, lui qui \u00e9tait devenu t\u00e9trapl\u00e9gique.<\/p>\n\n\n\n<p>Pendant sa convalescence, il a document\u00e9 ses progr\u00e8s avec la ferme intention de reprendre le contr\u00f4le de son corps. Une histoire inspirante \u00e0 d\u00e9couvrir.<\/p>\n\n\n\n<iframe loading=\"lazy\" src=\"https:\/\/www.facebook.com\/plugins\/post.php?href=https%3A%2F%2Fwww.facebook.com%2Fylimaryfilmmaker%2Fposts%2F579754645766286&#038;width=500\" width=\"500\" height=\"708\" style=\"border:none;overflow:hidden\" scrolling=\"no\" frameborder=\"0\" allowTransparency=\"true\" allow=\"encrypted-media\"><\/iframe>\n\n\n\n<p>Mais avant \u00e0 <em>L&rsquo;Appel de l&rsquo;aventure<\/em>, notre collaboratrice Joanie St-Pierre revient derri\u00e8re le micro pour nous pr\u00e9senter le plus r\u00e9cent projet sur lequel elle travaille, <a href=\"http:\/\/www.academievaolo.com\" target=\"_blank\" rel=\"noreferrer noopener\" aria-label=\"l'Acad\u00e9mie des explorateurs Vaolo (s\u2019ouvre dans un nouvel onglet)\">l&rsquo;Acad\u00e9mie des explorateurs Vaolo<\/a>.<\/p>\n\n\n\n<iframe loading=\"lazy\" width=\"560\" height=\"315\" src=\"https:\/\/www.youtube.com\/embed\/wXwfAioQwvo\" frameborder=\"0\" allow=\"accelerometer; autoplay; encrypted-media; gyroscope; picture-in-picture\" allowfullscreen><\/iframe>\n\n\n\n<p>Et profitez de l&rsquo;offre qu&rsquo;elle fait aux auditeurs du podcast! Pour tous les d\u00e9tails, \u00e9coutez Jean-S\u00e9bastien dans le segment expliquer la proc\u00e9dure pour courir la chance d&rsquo;obtenir un accc\u00e8s pour deux personnes aux essentiels de l&rsquo;Acad\u00e9mie, durant une formation sp\u00e9ciale qui se tiendra les 8 et 9 mai.<\/p>\n\n\n\n<figure class=\"wp-block-image size-large is-style-default\"><img loading=\"lazy\" decoding=\"async\" width=\"1024\" height=\"536\" src=\"http:\/\/www.jsmassicotte.com\/lappeldelaventure\/wp-content\/uploads\/2020\/03\/GAGNE-TA-PLACE-POUR-LACAD\u00c9MIE-DES-EXPLORATEURS-6-1024x536.jpg\" alt=\"\" class=\"wp-image-1405\" srcset=\"http:\/\/www.jsmassicotte.com\/lappeldelaventure\/wp-content\/uploads\/2020\/03\/GAGNE-TA-PLACE-POUR-LACAD\u00c9MIE-DES-EXPLORATEURS-6-1024x536.jpg 1024w, http:\/\/www.jsmassicotte.com\/lappeldelaventure\/wp-content\/uploads\/2020\/03\/GAGNE-TA-PLACE-POUR-LACAD\u00c9MIE-DES-EXPLORATEURS-6-300x157.jpg 300w, http:\/\/www.jsmassicotte.com\/lappeldelaventure\/wp-content\/uploads\/2020\/03\/GAGNE-TA-PLACE-POUR-LACAD\u00c9MIE-DES-EXPLORATEURS-6-768x402.jpg 768w, http:\/\/www.jsmassicotte.com\/lappeldelaventure\/wp-content\/uploads\/2020\/03\/GAGNE-TA-PLACE-POUR-LACAD\u00c9MIE-DES-EXPLORATEURS-6.jpg 1200w\" sizes=\"auto, (max-width: 767px) 89vw, (max-width: 1000px) 54vw, (max-width: 1071px) 543px, 580px\" \/><\/figure>\n\n\n\n<p>C\u00f4t\u00e9 actualit\u00e9s en ouverture, S\u00e9bastien nous parle d&rsquo;une controverse qui fait gronder la communaut\u00e9 des explorateurs polaires.<\/p>\n\n\n\n<p>Un article critique du <em>National Geographic<\/em> n&rsquo;a pas plu \u00e0 l&rsquo;aventurier Colin O&rsquo;Brady. <em>Fake news<\/em>, a-t-il jug\u00e9 et il a demand\u00e9 r\u00e9tractation. <\/p>\n\n\n\n<p>Un geste qui n&rsquo;est pas pass\u00e9 inaper\u00e7u et plusieurs des plus grands explorateurs et aventuriers polaires ont choisi de d\u00e9noncer cette tentative de museler la presse, d\u00e9non\u00e7ant au passage les exag\u00e9rations de O&rsquo;Brady.<\/p>\n\n\n\n<iframe loading=\"lazy\" src=\"https:\/\/www.facebook.com\/plugins\/post.php?href=https%3A%2F%2Fwww.facebook.com%2Fsebastienlapierreaventurier%2Fposts%2F2640311546082698&#038;width=500&#038;show_text=true&#038;height=584&#038;appId\" width=\"500\" height=\"584\" style=\"border:none;overflow:hidden\" scrolling=\"no\" frameborder=\"0\" allowTransparency=\"true\" allow=\"encrypted-media\"><\/iframe>\n\n\n\n<p>Signataire de la lettre d&rsquo;appui \u00e0 l&rsquo;auteur du texte du <em>National Geographic<\/em>, S\u00e9bastien Lapierre nous explique la situation.<\/p>\n\n\n\n<p>Enfin, Jean-S\u00e9bastien revient sur le ph\u00e9nom\u00e8ne de la contrefa\u00e7on des v\u00eatements techniques, un dossier qu&rsquo;il a r\u00e9dig\u00e9 pour le magazine <em>Espaces<\/em> (<a rel=\"noreferrer noopener\" href=\"https:\/\/gate.sc\/?url=http%3A%2F%2Fwww.espaces.ca%2Farticles%2Fequipement%2F8263-vetements-techniques-a-rabais-etes-vous-sur-de-ne-pas-porter-une-contrefacon&amp;token=972709-1-1584145366642\" target=\"_blank\">www.espaces.ca\/articles\/equipeme\u2026r-une-contrefacon<\/a>).<\/p>\n\n\n\n<p>Bonne \u00e9coute!<\/p>\n\n\n\n<hr class=\"wp-block-separator\"\/>\n\n\n\n<p>\u00c9pisode pr\u00e9sent\u00e9 en collaboration avec&nbsp;<a href=\"https:\/\/gate.sc\/?url=http%3A%2F%2Fwww.arcteryx.com&amp;token=b9550b-1-1584145366642\" rel=\"noreferrer noopener\" target=\"_blank\">www.arcteryx.com<\/a>&nbsp;et avec la boutique&nbsp;<a href=\"https:\/\/gate.sc\/?url=http%3A%2F%2Fwww.pagaiequebec.com&amp;token=d40011-1-1584145366642\" rel=\"noreferrer noopener\" target=\"_blank\">www.pagaiequebec.com<\/a><\/p>\n\n\n\n<p>Podcast h\u00e9berg\u00e9 sur Soundcloud: @<a href=\"https:\/\/soundcloud.com\/lappeldelaventure\">lappeldelaventure<\/a><\/p>\n\n\n\n<hr class=\"wp-block-separator\"\/>\n\n\n\n<p>Vous avez aim\u00e9 cet \u00e9pisode? Partagez la baladodiffusion sur vos r\u00e9seaux, commentez-la et contribuez du coup \u00e0 faire entendre L\u2019Appel de l\u2019aventure.<\/p>\n\n\n\n<p>Et vous aimez VRAIMENT notre projet, principal podcast plein air ind\u00e9pendant au Qu\u00e9bec? Faites une diff\u00e9rence:&nbsp;<a href=\"https:\/\/gate.sc\/?url=http%3A%2F%2Fwww.jsmassicotte.com%2Flappeldelavent%E2%80%A6tez-le-podcast&amp;token=7f72c2-1-1584145366642\" rel=\"noreferrer noopener\" target=\"_blank\">www.jsmassicotte.com\/lappeldelavent\u2026tez-le-podcast<\/a><\/p>\n","protected":false},"excerpt":{"rendered":"<p>Une histoire de courage et de r\u00e9silience est au programme du 16e \u00e9pisode de L&rsquo;Appel de l&rsquo;aventure. En effet, nous recevons le cin\u00e9aste Yannick Limary, bless\u00e9 gravement l&rsquo;hiver dernier aux vert\u00e8bres et \u00e0 la mo\u00eblle \u00e9pini\u00e8re dans un b\u00eate accident de planche \u00e0 neige dans le backcountry. Son histoire nous avait beaucoup touch\u00e9 l&rsquo;hiver dernier, &hellip; <\/p>\n<p class=\"link-more\"><a href=\"http:\/\/www.jsmassicotte.com\/lappeldelaventure\/2020\/03\/13\/episode-16-la-lecon-de-courage-de-yannick-limary-et-lacademie-des-explorateurs-vaolo-avec-joanie-st-pierre\/\" class=\"more-link\">Continuer la lecture<span class=\"screen-reader-text\"> de &laquo; \u00c9pisode 16\/ La le\u00e7on de courage de Yannick Limary et l&rsquo;Acad\u00e9mie des explorateurs Vaolo avec Joanie St-Pierre &raquo;<\/span><\/a><\/p>\n","protected":false},"author":1,"featured_media":0,"comment_status":"open","ping_status":"open","sticky":false,"template":"","format":"standard","meta":{"footnotes":""},"categories":[7,2,6,32,13,42,33,25,44,40,43],"tags":[],"class_list":["post-1404","post","type-post","status-publish","format-standard","hentry","category-actualites","category-baladodiffusion","category-blogue","category-decouverte","category-entrevue","category-joanie-st-pierre","category-photographie","category-sebastien-lapierre","category-securite","category-ski-de-montagne","category-survie"],"_links":{"self":[{"href":"http:\/\/www.jsmassicotte.com\/lappeldelaventure\/wp-json\/wp\/v2\/posts\/1404","targetHints":{"allow":["GET"]}}],"collection":[{"href":"http:\/\/www.jsmassicotte.com\/lappeldelaventure\/wp-json\/wp\/v2\/posts"}],"about":[{"href":"http:\/\/www.jsmassicotte.com\/lappeldelaventure\/wp-json\/wp\/v2\/types\/post"}],"author":[{"embeddable":true,"href":"http:\/\/www.jsmassicotte.com\/lappeldelaventure\/wp-json\/wp\/v2\/users\/1"}],"replies":[{"embeddable":true,"href":"http:\/\/www.jsmassicotte.com\/lappeldelaventure\/wp-json\/wp\/v2\/comments?post=1404"}],"version-history":[{"count":3,"href":"http:\/\/www.jsmassicotte.com\/lappeldelaventure\/wp-json\/wp\/v2\/posts\/1404\/revisions"}],"predecessor-version":[{"id":1410,"href":"http:\/\/www.jsmassicotte.com\/lappeldelaventure\/wp-json\/wp\/v2\/posts\/1404\/revisions\/1410"}],"wp:attachment":[{"href":"http:\/\/www.jsmassicotte.com\/lappeldelaventure\/wp-json\/wp\/v2\/media?parent=1404"}],"wp:term":[{"taxonomy":"category","embeddable":true,"href":"http:\/\/www.jsmassicotte.com\/lappeldelaventure\/wp-json\/wp\/v2\/categories?post=1404"},{"taxonomy":"post_tag","embeddable":true,"href":"http:\/\/www.jsmassicotte.com\/lappeldelaventure\/wp-json\/wp\/v2\/tags?post=1404"}],"curies":[{"name":"wp","href":"https:\/\/api.w.org\/{rel}","templated":true}]}}