{"id":1456,"date":"2020-04-21T08:00:00","date_gmt":"2020-04-21T12:00:00","guid":{"rendered":"http:\/\/www.jsmassicotte.com\/lappeldelaventure\/?p=1456"},"modified":"2020-04-20T18:17:20","modified_gmt":"2020-04-20T22:17:20","slug":"ep-20-dans-les-coulisses-de-lemission-expedition-kayak-avec-les-gars-de-quebec-connection","status":"publish","type":"post","link":"http:\/\/www.jsmassicotte.com\/lappeldelaventure\/2020\/04\/21\/ep-20-dans-les-coulisses-de-lemission-expedition-kayak-avec-les-gars-de-quebec-connection\/","title":{"rendered":"EP 20 \/ Dans les coulisses de l&rsquo;\u00e9mission \u00abExp\u00e9dition kayak\u00bb avec les gars de Qu\u00e9bec Connection"},"content":{"rendered":"\n<p class=\"has-drop-cap has-medium-font-size\">Coup de coeur t\u00e9l\u00e9visuel du moment pour plusieurs, l&rsquo;\u00e9mission<em> <a aria-label=\"Exp\u00e9dition kayak (opens in a new tab)\" href=\"http:\/\/www.tv5unis.ca\/expedition-kayak\" target=\"_blank\" rel=\"noreferrer noopener\" class=\"aioseop-link\">Exp\u00e9dition kayak<\/a><\/em> avec les pagayeurs du collectif <a href=\"http:\/\/www.facebook.com\/QuebecConnection\" target=\"_blank\" aria-label=\"Qu\u00e9bec Connection (opens in a new tab)\" rel=\"noreferrer noopener\" class=\"aioseop-link\">Qu\u00e9bec Connection<\/a> attire l&rsquo;attention d&rsquo;un large public actuellement.<\/p>\n\n\n\n<iframe loading=\"lazy\" width=\"100%\" height=\"166\" scrolling=\"no\" frameborder=\"no\" allow=\"autoplay\" src=\"https:\/\/w.soundcloud.com\/player\/?url=https%3A\/\/api.soundcloud.com\/tracks\/801171823&#038;color=%23ff5500&#038;auto_play=true&#038;hide_related=true&#038;show_comments=false&#038;show_user=false&#038;show_reposts=false&#038;show_teaser=false\"><\/iframe>\n\n\n\n<p>Bien connus dans l\u2019univers des sports d\u2019eau vive depuis presque 10 ans, les gars de Qu\u00e9bec Connection passent ainsi \u00e0 la vitesse sup\u00e9rieure ce printemps et cr\u00e8vent l\u2019\u00e9cran \u00e0 bord de leur kayak de rivi\u00e8re.<\/p>\n\n\n\n<div class=\"wp-block-image is-style-default\"><figure class=\"aligncenter size-large is-resized\"><img loading=\"lazy\" decoding=\"async\" src=\"http:\/\/www.jsmassicotte.com\/lappeldelaventure\/wp-content\/uploads\/2020\/04\/93789919_230266638225702_3995573956248600576_n.jpg\" alt=\"\" class=\"wp-image-1457\" width=\"678\" height=\"259\" srcset=\"http:\/\/www.jsmassicotte.com\/lappeldelaventure\/wp-content\/uploads\/2020\/04\/93789919_230266638225702_3995573956248600576_n.jpg 820w, http:\/\/www.jsmassicotte.com\/lappeldelaventure\/wp-content\/uploads\/2020\/04\/93789919_230266638225702_3995573956248600576_n-300x114.jpg 300w, http:\/\/www.jsmassicotte.com\/lappeldelaventure\/wp-content\/uploads\/2020\/04\/93789919_230266638225702_3995573956248600576_n-768x292.jpg 768w\" sizes=\"auto, (max-width: 678px) 100vw, 678px\" \/><\/figure><\/div>\n\n\n\n<p>Pour un reportage en 2016, <a aria-label=\"j\u2019avais rencontr\u00e9 quelques-uns des kayakistes, dont Billy et Emrick (opens in a new tab)\" href=\"http:\/\/www.lesoleil.com\/le-mag\/plein-air\u2026d684f17e9ffe557b\" target=\"_blank\" rel=\"noreferrer noopener\" class=\"aioseop-link\">j\u2019avais rencontr\u00e9 quelques-uns des kayakistes de Qu\u00e9bec Connection, dont Billy Thibault et Emrick Blanchette<\/a>.<\/p>\n\n\n\n<p>L\u2019\u00e9mission en cours de diffusion, il \u00e9tait plus que temps de reprendre contact avec ces deux membres fondateurs du collectif pour jaser des dessous de cette production t\u00e9l\u00e9 \u00e0 ne pas manquer durant le confinement.<\/p>\n\n\n\n<p>La spectaculaire s\u00e9rie de 10 \u00e9pisode est diffus\u00e9e le jeudi \u00e0 21h \u2014 et en reprise sur demande \u2014 sur UnisTV.<\/p>\n\n\n\n<iframe loading=\"lazy\" src=\"https:\/\/www.facebook.com\/plugins\/post.php?href=https%3A%2F%2Fwww.facebook.com%2FQuebecConnection%2Fposts%2F3104020822982766&#038;width=500\" width=\"500\" height=\"642\" style=\"border:none;overflow:hidden\" scrolling=\"no\" frameborder=\"0\" allowTransparency=\"true\" allow=\"encrypted-media\"><\/iframe>\n\n\n\n<p>\u00c9pisode pr\u00e9sent\u00e9 en collaboration avec&nbsp;<a href=\"https:\/\/gate.sc\/?url=http%3A%2F%2Fwww.arcteryx.com&amp;token=a9f775-1-1587418145335\" rel=\"noreferrer noopener\" target=\"_blank\">www.arcteryx.com<\/a>&nbsp;et avec la boutique&nbsp;<a href=\"https:\/\/gate.sc\/?url=http%3A%2F%2Fwww.pagaiequebec.com&amp;token=3df0b4-1-1587418145335\" rel=\"noreferrer noopener\" target=\"_blank\">www.pagaiequebec.com<\/a><\/p>\n\n\n\n<hr class=\"wp-block-separator\"\/>\n\n\n\n<p>Podcast h\u00e9berg\u00e9 sur Soundcloud: @<a href=\"https:\/\/soundcloud.com\/lappeldelaventure\">lappeldelaventure<\/a><\/p>\n\n\n\n<hr class=\"wp-block-separator\"\/>\n\n\n\n<p>Vous avez aim\u00e9 cet \u00e9pisode? Partagez la baladodiffusion sur vos r\u00e9seaux, commentez-la et contribuez du coup \u00e0 faire entendre L\u2019Appel de l\u2019aventure.<\/p>\n\n\n\n<p>Et vous aimez VRAIMENT notre projet, principal podcast plein air ind\u00e9pendant au Qu\u00e9bec?&nbsp;<a href=\"http:\/\/www.jsmassicotte.com\/lappeldelavent\u2026tez-le-podcastlappeldelaventurejsmassicottereneeclaudebastiencovid19coronavirusguideaventureadventurePodcastbaladojeansebastienmassicotte\" target=\"_blank\" rel=\"noreferrer noopener\">Faites une diff\u00e9rence!<\/a><\/p>\n","protected":false},"excerpt":{"rendered":"<p>Coup de coeur t\u00e9l\u00e9visuel du moment pour plusieurs, l&rsquo;\u00e9mission Exp\u00e9dition kayak avec les pagayeurs du collectif Qu\u00e9bec Connection attire l&rsquo;attention d&rsquo;un large public actuellement. Bien connus dans l\u2019univers des sports d\u2019eau vive depuis presque 10 ans, les gars de Qu\u00e9bec Connection passent ainsi \u00e0 la vitesse sup\u00e9rieure ce printemps et cr\u00e8vent l\u2019\u00e9cran \u00e0 bord de &hellip; <\/p>\n<p class=\"link-more\"><a href=\"http:\/\/www.jsmassicotte.com\/lappeldelaventure\/2020\/04\/21\/ep-20-dans-les-coulisses-de-lemission-expedition-kayak-avec-les-gars-de-quebec-connection\/\" class=\"more-link\">Continuer la lecture<span class=\"screen-reader-text\"> de &laquo; EP 20 \/ Dans les coulisses de l&rsquo;\u00e9mission \u00abExp\u00e9dition kayak\u00bb avec les gars de Qu\u00e9bec Connection &raquo;<\/span><\/a><\/p>\n","protected":false},"author":1,"featured_media":0,"comment_status":"open","ping_status":"open","sticky":false,"template":"","format":"standard","meta":{"footnotes":""},"categories":[7,36,2,6,32,37,13,35,34],"tags":[],"class_list":["post-1456","post","type-post","status-publish","format-standard","hentry","category-actualites","category-adrenaline","category-baladodiffusion","category-blogue","category-decouverte","category-eau","category-entrevue","category-extreme","category-kayak"],"_links":{"self":[{"href":"http:\/\/www.jsmassicotte.com\/lappeldelaventure\/wp-json\/wp\/v2\/posts\/1456","targetHints":{"allow":["GET"]}}],"collection":[{"href":"http:\/\/www.jsmassicotte.com\/lappeldelaventure\/wp-json\/wp\/v2\/posts"}],"about":[{"href":"http:\/\/www.jsmassicotte.com\/lappeldelaventure\/wp-json\/wp\/v2\/types\/post"}],"author":[{"embeddable":true,"href":"http:\/\/www.jsmassicotte.com\/lappeldelaventure\/wp-json\/wp\/v2\/users\/1"}],"replies":[{"embeddable":true,"href":"http:\/\/www.jsmassicotte.com\/lappeldelaventure\/wp-json\/wp\/v2\/comments?post=1456"}],"version-history":[{"count":2,"href":"http:\/\/www.jsmassicotte.com\/lappeldelaventure\/wp-json\/wp\/v2\/posts\/1456\/revisions"}],"predecessor-version":[{"id":1460,"href":"http:\/\/www.jsmassicotte.com\/lappeldelaventure\/wp-json\/wp\/v2\/posts\/1456\/revisions\/1460"}],"wp:attachment":[{"href":"http:\/\/www.jsmassicotte.com\/lappeldelaventure\/wp-json\/wp\/v2\/media?parent=1456"}],"wp:term":[{"taxonomy":"category","embeddable":true,"href":"http:\/\/www.jsmassicotte.com\/lappeldelaventure\/wp-json\/wp\/v2\/categories?post=1456"},{"taxonomy":"post_tag","embeddable":true,"href":"http:\/\/www.jsmassicotte.com\/lappeldelaventure\/wp-json\/wp\/v2\/tags?post=1456"}],"curies":[{"name":"wp","href":"https:\/\/api.w.org\/{rel}","templated":true}]}}