{"id":1500,"date":"2020-05-19T00:13:00","date_gmt":"2020-05-19T04:13:00","guid":{"rendered":"http:\/\/www.jsmassicotte.com\/lappeldelaventure\/?p=1500"},"modified":"2020-05-23T00:39:26","modified_gmt":"2020-05-23T04:39:26","slug":"ep-24-bout-du-monde-p-q-ou-lart-de-remodeler-le-tourisme-daventure-selon-karavaniers","status":"publish","type":"post","link":"http:\/\/www.jsmassicotte.com\/lappeldelaventure\/2020\/05\/19\/ep-24-bout-du-monde-p-q-ou-lart-de-remodeler-le-tourisme-daventure-selon-karavaniers\/","title":{"rendered":"EP 24 \/ Bout du monde P.Q. ou l&rsquo;art de remodeler le tourisme d&rsquo;aventure, selon Karavaniers"},"content":{"rendered":"\n<p class=\"has-drop-cap has-medium-font-size\">On peut se demander ce qui attend dans les prochains mois et ann\u00e9es les entreprises qui oeuvrent en tourisme d\u2019aventure, litt\u00e9ralement stopp\u00e9es dans leurs activit\u00e9s par la pand\u00e9mie li\u00e9e \u00e0 la COVID-19.<\/p>\n\n\n\n<p>Pour l&rsquo;\u00e9pisode 24 de L&rsquo;Appel de l&rsquo;aventure, Jean-S\u00e9bastien s&rsquo;est int\u00e9ress\u00e9 \u00e0 la question en compagnie de Richard R\u00e9my, fondateur des <a aria-label=\"Karavaniers (opens in a new tab)\" href=\"http:\/\/www.karavaniers.com\" target=\"_blank\" rel=\"noreferrer noopener\" class=\"aioseop-link\">Karavaniers<\/a>. Entretien avec un aventurier et un homme d\u2019affaires qui ne craint pas de prendre les devants pour traverser la temp\u00eate.<\/p>\n\n\n\n<iframe loading=\"lazy\" width=\"100%\" height=\"166\" scrolling=\"no\" frameborder=\"no\" allow=\"autoplay\" src=\"https:\/\/w.soundcloud.com\/player\/?url=https%3A\/\/api.soundcloud.com\/tracks\/821498854&amp;color=%23ff5500&amp;auto_play=true&amp;hide_related=true&amp;show_comments=false&amp;show_user=false&amp;show_reposts=false&amp;show_teaser=false\"><\/iframe><div style=\"font-size: 10px; color: #cccccc;line-break: anywhere;word-break: normal;overflow: hidden;white-space: nowrap;text-overflow: ellipsis; font-family: Interstate,Lucida Grande,Lucida Sans Unicode,Lucida Sans,Garuda,Verdana,Tahoma,sans-serif;font-weight: 100;\"><a href=\"https:\/\/soundcloud.com\/lappeldelaventure\" title=\"L'Appel de l'aventure\" target=\"_blank\" style=\"color: #cccccc; text-decoration: none;\" rel=\"noopener noreferrer\">L&rsquo;Appel de l&rsquo;aventure<\/a> \u00b7 <a href=\"https:\/\/soundcloud.com\/lappeldelaventure\/ep-24-bout-du-monde-pq-ou-lart-de-remodeler-le-tourisme-daventure-selon-karavaniers\" title=\"EP 24 \/ Bout du monde P.Q. ou l'art de remodeler le tourisme d'aventure, selon Karavaniers\" target=\"_blank\" style=\"color: #cccccc; text-decoration: none;\" rel=\"noopener noreferrer\">EP 24 \/ Bout du monde P.Q. ou l&rsquo;art de remodeler le tourisme d&rsquo;aventure, selon Karavaniers<\/a><\/div>\n\n\n\n<p>Car tandis que les fronti\u00e8res restent herm\u00e9tiques et que tout l\u2019univers du voyage est chamboul\u00e9 par la crise sanitaire, les touristes doivent repenser leur fa\u00e7on de voyager. Et les entreprises qui organisent leurs aventures aussi.<\/p>\n\n\n\n<div class=\"wp-block-image is-style-default\"><figure class=\"alignright size-large is-resized\"><img loading=\"lazy\" decoding=\"async\" src=\"http:\/\/www.jsmassicotte.com\/lappeldelaventure\/wp-content\/uploads\/2020\/05\/61068881_2642748959128392_6939929786055655424_o-1-1024x768.jpg\" alt=\"\" class=\"wp-image-1505\" width=\"331\" height=\"248\" srcset=\"http:\/\/www.jsmassicotte.com\/lappeldelaventure\/wp-content\/uploads\/2020\/05\/61068881_2642748959128392_6939929786055655424_o-1-1024x768.jpg 1024w, http:\/\/www.jsmassicotte.com\/lappeldelaventure\/wp-content\/uploads\/2020\/05\/61068881_2642748959128392_6939929786055655424_o-1-300x225.jpg 300w, http:\/\/www.jsmassicotte.com\/lappeldelaventure\/wp-content\/uploads\/2020\/05\/61068881_2642748959128392_6939929786055655424_o-1-768x576.jpg 768w, http:\/\/www.jsmassicotte.com\/lappeldelaventure\/wp-content\/uploads\/2020\/05\/61068881_2642748959128392_6939929786055655424_o-1-1536x1151.jpg 1536w, http:\/\/www.jsmassicotte.com\/lappeldelaventure\/wp-content\/uploads\/2020\/05\/61068881_2642748959128392_6939929786055655424_o-1.jpg 2048w\" sizes=\"auto, (max-width: 331px) 100vw, 331px\" \/><figcaption>Le kayak de mer fera partie de l&rsquo;offre nouvelle des Karavaniers. \u2014 Photo Jean-S\u00e9bastien Massicotte<\/figcaption><\/figure><\/div>\n\n\n\n<p>D\u00e9termin\u00e9s \u00e0 relever le d\u00e9fi et \u00e0 cr\u00e9er du positif dans la foul\u00e9e, malgr\u00e9 la situation difficile, les Karavaniers ont d\u00e9cid\u00e9 de faire vivre l\u2019exotisme du bout du monde gr\u00e2ce \u00e0 de nouvelles destinations d\u00e9paysantes, ici m\u00eame au Qu\u00e9bec et au Canada.<\/p>\n\n\n\n<p>Jouer aux touristes chez nous et d\u00e9couvrir comme jamais notre province et notre pays? C\u2019est le pari que fait Richard R\u00e9my.<\/p>\n\n\n\n<iframe loading=\"lazy\" src=\"https:\/\/www.facebook.com\/plugins\/post.php?href=https%3A%2F%2Fwww.facebook.com%2FKaravaniers%2Fposts%2F2530980133670625&amp;width=500\" width=\"500\" height=\"833\" style=\"border:none;overflow:hidden\" scrolling=\"no\" frameborder=\"0\" allowtransparency=\"true\" allow=\"encrypted-media\"><\/iframe>\n\n\n\n<hr class=\"wp-block-separator\"\/>\n\n\n\n<p>\u00c9pisode pr\u00e9sent\u00e9 en collaboration avec&nbsp;<a rel=\"noreferrer noopener\" href=\"https:\/\/gate.sc\/?url=http%3A%2F%2Fwww.arcteryx.com&amp;token=a9f775-1-1587418145335\" target=\"_blank\">www.arcteryx.com<\/a>&nbsp;et avec la boutique&nbsp;<a rel=\"noreferrer noopener\" href=\"https:\/\/gate.sc\/?url=http%3A%2F%2Fwww.pagaiequebec.com&amp;token=3df0b4-1-1587418145335\" target=\"_blank\">www.pagaiequebec.com<\/a><\/p>\n\n\n\n<p>Podcast h\u00e9berg\u00e9 sur Soundcloud: @<a href=\"https:\/\/soundcloud.com\/lappeldelaventure\">lappeldelaventure<\/a><\/p>\n\n\n\n<hr class=\"wp-block-separator\"\/>\n\n\n\n<p>Vous avez aim\u00e9 cet \u00e9pisode? Partagez la baladodiffusion sur vos r\u00e9seaux, commentez-la et contribuez du coup \u00e0 faire entendre L\u2019Appel de l\u2019aventure.<\/p>\n\n\n\n<p>Et vous aimez VRAIMENT notre projet, principal podcast plein air ind\u00e9pendant au Qu\u00e9bec?&nbsp;<a rel=\"noreferrer noopener\" href=\"http:\/\/www.jsmassicotte.com\/lappeldelavent\u2026tez-le-podcastlappeldelaventurejsmassicottereneeclaudebastiencovid19coronavirusguideaventureadventurePodcastbaladojeansebastienmassicotte\" target=\"_blank\">Faites une diff\u00e9rence!<\/a><\/p>\n","protected":false},"excerpt":{"rendered":"<p>On peut se demander ce qui attend dans les prochains mois et ann\u00e9es les entreprises qui oeuvrent en tourisme d\u2019aventure, litt\u00e9ralement stopp\u00e9es dans leurs activit\u00e9s par la pand\u00e9mie li\u00e9e \u00e0 la COVID-19. Pour l&rsquo;\u00e9pisode 24 de L&rsquo;Appel de l&rsquo;aventure, Jean-S\u00e9bastien s&rsquo;est int\u00e9ress\u00e9 \u00e0 la question en compagnie de Richard R\u00e9my, fondateur des Karavaniers. Entretien avec &hellip; <\/p>\n<p class=\"link-more\"><a href=\"http:\/\/www.jsmassicotte.com\/lappeldelaventure\/2020\/05\/19\/ep-24-bout-du-monde-p-q-ou-lart-de-remodeler-le-tourisme-daventure-selon-karavaniers\/\" class=\"more-link\">Continuer la lecture<span class=\"screen-reader-text\"> de &laquo; EP 24 \/ Bout du monde P.Q. ou l&rsquo;art de remodeler le tourisme d&rsquo;aventure, selon Karavaniers &raquo;<\/span><\/a><\/p>\n","protected":false},"author":1,"featured_media":0,"comment_status":"open","ping_status":"open","sticky":false,"template":"","format":"standard","meta":{"footnotes":""},"categories":[7,2,6,32,13,31,30],"tags":[],"class_list":["post-1500","post","type-post","status-publish","format-standard","hentry","category-actualites","category-baladodiffusion","category-blogue","category-decouverte","category-entrevue","category-tourisme","category-voyage"],"_links":{"self":[{"href":"http:\/\/www.jsmassicotte.com\/lappeldelaventure\/wp-json\/wp\/v2\/posts\/1500","targetHints":{"allow":["GET"]}}],"collection":[{"href":"http:\/\/www.jsmassicotte.com\/lappeldelaventure\/wp-json\/wp\/v2\/posts"}],"about":[{"href":"http:\/\/www.jsmassicotte.com\/lappeldelaventure\/wp-json\/wp\/v2\/types\/post"}],"author":[{"embeddable":true,"href":"http:\/\/www.jsmassicotte.com\/lappeldelaventure\/wp-json\/wp\/v2\/users\/1"}],"replies":[{"embeddable":true,"href":"http:\/\/www.jsmassicotte.com\/lappeldelaventure\/wp-json\/wp\/v2\/comments?post=1500"}],"version-history":[{"count":5,"href":"http:\/\/www.jsmassicotte.com\/lappeldelaventure\/wp-json\/wp\/v2\/posts\/1500\/revisions"}],"predecessor-version":[{"id":1509,"href":"http:\/\/www.jsmassicotte.com\/lappeldelaventure\/wp-json\/wp\/v2\/posts\/1500\/revisions\/1509"}],"wp:attachment":[{"href":"http:\/\/www.jsmassicotte.com\/lappeldelaventure\/wp-json\/wp\/v2\/media?parent=1500"}],"wp:term":[{"taxonomy":"category","embeddable":true,"href":"http:\/\/www.jsmassicotte.com\/lappeldelaventure\/wp-json\/wp\/v2\/categories?post=1500"},{"taxonomy":"post_tag","embeddable":true,"href":"http:\/\/www.jsmassicotte.com\/lappeldelaventure\/wp-json\/wp\/v2\/tags?post=1500"}],"curies":[{"name":"wp","href":"https:\/\/api.w.org\/{rel}","templated":true}]}}