{"id":1516,"date":"2020-05-22T22:26:00","date_gmt":"2020-05-23T02:26:00","guid":{"rendered":"http:\/\/www.jsmassicotte.com\/lappeldelaventure\/?p=1516"},"modified":"2021-02-24T16:46:59","modified_gmt":"2021-02-24T21:46:59","slug":"ep-25-reprise-bien-planifiee-a-la-vallee-bras-du-nord","status":"publish","type":"post","link":"http:\/\/www.jsmassicotte.com\/lappeldelaventure\/2020\/05\/22\/ep-25-reprise-bien-planifiee-a-la-vallee-bras-du-nord\/","title":{"rendered":"EP 25 \/ Reprise bien planifi\u00e9e \u00e0 la Vall\u00e9e Bras-du-Nord"},"content":{"rendered":"\n<p class=\"has-drop-cap has-medium-font-size\">Apr\u00e8s plusieurs longues semaines de doutes, d\u2019inqui\u00e9tudes et de r\u00e9flexion, les responsables de nos terrains de jeux organis\u00e9s sont pour la plupart pr\u00eats \u00e0 la suite des choses. L\u2019art de se remettre en action dans un nouveau monde, pourrait-on dire\u2026<\/p>\n\n\n\n<p>P\u00f4le d\u2019attraction majeur pour les amateurs de v\u00e9lo de montagne, de randonn\u00e9e et d\u2019activit\u00e9s nautiques, la Vall\u00e9e Bras-du-Nord se pr\u00e9pare pour sa part \u00e0 rouvrir le 2 juin.<\/p>\n\n\n\n<iframe loading=\"lazy\" src=\"https:\/\/www.facebook.com\/plugins\/post.php?href=https%3A%2F%2Fwww.facebook.com%2F249533515116627%2Fphotos%2Fa.275268735876438%2F1952925391444089%2F&#038;width=500&#038;show_text=true&#038;height=0&#038;appId\" width=\"500\" height=\"0\" style=\"border:none;overflow:hidden\" scrolling=\"no\" frameborder=\"0\" allowfullscreen=\"true\" allow=\"autoplay; clipboard-write; encrypted-media; picture-in-picture; web-share\"><\/iframe>\n\n\n\n<p>Question de savoir \u00e0 quoi les visiteurs doivent s\u2019attendre du c\u00f4t\u00e9 de cette populaire destination dans Portneuf et comment la pand\u00e9mie li\u00e9e \u00e0 la COVID-19 pr\u00e9sente de nouveaux d\u00e9fis \u00e0 relever \u00e0 diff\u00e9rents niveaux, autant pour les gestionnaires, que les utilisateurs, Jean-S\u00e9bastien s&rsquo;entretient dans l&rsquo;\u00e9pisode 25 de L&rsquo;Appel de l&rsquo;aventure avec Fr\u00e9d\u00e9ric Asselin, le directeur g\u00e9n\u00e9ral de la Vall\u00e9e.<\/p>\n\n\n\n<iframe loading=\"lazy\" width=\"100%\" height=\"166\" scrolling=\"no\" frameborder=\"no\" allow=\"autoplay\" src=\"https:\/\/w.soundcloud.com\/player\/?url=https%3A\/\/api.soundcloud.com\/tracks\/826238902&amp;color=%23ff5500&amp;auto_play=true&amp;hide_related=true&amp;show_comments=false&amp;show_user=true&amp;show_reposts=false&amp;show_teaser=false\"><\/iframe><div style=\"font-size: 10px; color: #cccccc;line-break: anywhere;word-break: normal;overflow: hidden;white-space: nowrap;text-overflow: ellipsis; font-family: Interstate,Lucida Grande,Lucida Sans Unicode,Lucida Sans,Garuda,Verdana,Tahoma,sans-serif;font-weight: 100;\"><a href=\"https:\/\/soundcloud.com\/lappeldelaventure\" title=\"L'Appel de l'aventure\" target=\"_blank\" style=\"color: #cccccc; text-decoration: none;\" rel=\"noopener noreferrer\">L&rsquo;Appel de l&rsquo;aventure<\/a> \u00b7 <a href=\"https:\/\/soundcloud.com\/lappeldelaventure\/ep-25-retour-bien-planifie-pour-la-vallee-bras-du-nord\" title=\"EP 25 \/ Reprise bien planifi\u00e9e \u00e0 la Vall\u00e9e Bras-du-Nord\" target=\"_blank\" style=\"color: #cccccc; text-decoration: none;\" rel=\"noopener noreferrer\">EP 25 \/ Reprise bien planifi\u00e9e \u00e0 la Vall\u00e9e Bras-du-Nord<\/a><\/div>\n\n\n\n<hr class=\"wp-block-separator\"\/>\n\n\n\n<p>\u00c9pisode pr\u00e9sent\u00e9 en collaboration avec&nbsp;<a rel=\"noreferrer noopener\" href=\"https:\/\/gate.sc\/?url=http%3A%2F%2Fwww.arcteryx.com&amp;token=a9f775-1-1587418145335\" target=\"_blank\">www.arcteryx.com<\/a>&nbsp;et avec la boutique&nbsp;<a rel=\"noreferrer noopener\" href=\"https:\/\/gate.sc\/?url=http%3A%2F%2Fwww.pagaiequebec.com&amp;token=3df0b4-1-1587418145335\" target=\"_blank\">www.pagaiequebec.com<\/a><\/p>\n\n\n\n<p>Podcast h\u00e9berg\u00e9 sur Soundcloud: @<a href=\"https:\/\/soundcloud.com\/lappeldelaventure\">lappeldelaventure<\/a><\/p>\n\n\n\n<hr class=\"wp-block-separator\"\/>\n\n\n\n<p>Vous avez aim\u00e9 cet \u00e9pisode? Partagez la baladodiffusion sur vos r\u00e9seaux, commentez-la et contribuez du coup \u00e0 faire entendre L\u2019Appel de l\u2019aventure.<\/p>\n\n\n\n<p>Et vous aimez VRAIMENT notre projet, principal podcast plein air ind\u00e9pendant au Qu\u00e9bec?&nbsp;<a rel=\"noreferrer noopener\" href=\"http:\/\/www.jsmassicotte.com\/lappeldelavent\u2026tez-le-podcastlappeldelaventurejsmassicottereneeclaudebastiencovid19coronavirusguideaventureadventurePodcastbaladojeansebastienmassicotte\" target=\"_blank\">Faites une diff\u00e9rence!<\/a><\/p>\n","protected":false},"excerpt":{"rendered":"<p>Apr\u00e8s plusieurs longues semaines de doutes, d\u2019inqui\u00e9tudes et de r\u00e9flexion, les responsables de nos terrains de jeux organis\u00e9s sont pour la plupart pr\u00eats \u00e0 la suite des choses. L\u2019art de se remettre en action dans un nouveau monde, pourrait-on dire\u2026 P\u00f4le d\u2019attraction majeur pour les amateurs de v\u00e9lo de montagne, de randonn\u00e9e et d\u2019activit\u00e9s nautiques, &hellip; <\/p>\n<p class=\"link-more\"><a href=\"http:\/\/www.jsmassicotte.com\/lappeldelaventure\/2020\/05\/22\/ep-25-reprise-bien-planifiee-a-la-vallee-bras-du-nord\/\" class=\"more-link\">Continuer la lecture<span class=\"screen-reader-text\"> de &laquo; EP 25 \/ Reprise bien planifi\u00e9e \u00e0 la Vall\u00e9e Bras-du-Nord &raquo;<\/span><\/a><\/p>\n","protected":false},"author":1,"featured_media":0,"comment_status":"open","ping_status":"open","sticky":false,"template":"","format":"standard","meta":{"footnotes":""},"categories":[7,2,6,13,27,44,31,28,30],"tags":[],"class_list":["post-1516","post","type-post","status-publish","format-standard","hentry","category-actualites","category-baladodiffusion","category-blogue","category-entrevue","category-randonnee","category-securite","category-tourisme","category-velo","category-voyage"],"_links":{"self":[{"href":"http:\/\/www.jsmassicotte.com\/lappeldelaventure\/wp-json\/wp\/v2\/posts\/1516","targetHints":{"allow":["GET"]}}],"collection":[{"href":"http:\/\/www.jsmassicotte.com\/lappeldelaventure\/wp-json\/wp\/v2\/posts"}],"about":[{"href":"http:\/\/www.jsmassicotte.com\/lappeldelaventure\/wp-json\/wp\/v2\/types\/post"}],"author":[{"embeddable":true,"href":"http:\/\/www.jsmassicotte.com\/lappeldelaventure\/wp-json\/wp\/v2\/users\/1"}],"replies":[{"embeddable":true,"href":"http:\/\/www.jsmassicotte.com\/lappeldelaventure\/wp-json\/wp\/v2\/comments?post=1516"}],"version-history":[{"count":3,"href":"http:\/\/www.jsmassicotte.com\/lappeldelaventure\/wp-json\/wp\/v2\/posts\/1516\/revisions"}],"predecessor-version":[{"id":1534,"href":"http:\/\/www.jsmassicotte.com\/lappeldelaventure\/wp-json\/wp\/v2\/posts\/1516\/revisions\/1534"}],"wp:attachment":[{"href":"http:\/\/www.jsmassicotte.com\/lappeldelaventure\/wp-json\/wp\/v2\/media?parent=1516"}],"wp:term":[{"taxonomy":"category","embeddable":true,"href":"http:\/\/www.jsmassicotte.com\/lappeldelaventure\/wp-json\/wp\/v2\/categories?post=1516"},{"taxonomy":"post_tag","embeddable":true,"href":"http:\/\/www.jsmassicotte.com\/lappeldelaventure\/wp-json\/wp\/v2\/tags?post=1516"}],"curies":[{"name":"wp","href":"https:\/\/api.w.org\/{rel}","templated":true}]}}