{"id":293,"date":"2019-05-24T13:00:01","date_gmt":"2019-05-24T17:00:01","guid":{"rendered":"http:\/\/www.jsmassicotte.com\/lappeldelaventure\/?p=293"},"modified":"2019-06-04T16:32:59","modified_gmt":"2019-06-04T20:32:59","slug":"lancement-de-la-balado-plein-air-lappel-de-laventure","status":"publish","type":"post","link":"http:\/\/www.jsmassicotte.com\/lappeldelaventure\/2019\/05\/24\/lancement-de-la-balado-plein-air-lappel-de-laventure\/","title":{"rendered":"Lancement de la baladodiffusion plein air L&rsquo;Appel de l&rsquo;aventure"},"content":{"rendered":"<p>QU\u00c9BEC \u2014 Les amateurs de plein air ont d\u00e9sormais un tout nouveau rendez-vous francophone avec l&rsquo;univers de l&rsquo;aventure. En effet, il suffit de tendre l&rsquo;oreille au moment de son choix pour appr\u00e9cier la baladodiffusion ind\u00e9pendante&nbsp;<i><a href=\"https:\/\/soundcloud.com\/lappeldelaventure\" target=\"_blank\" rel=\"noopener noreferrer\">L&rsquo;Appel de l&rsquo;aventure<\/a>.<\/i><\/p>\n<figure id=\"attachment_295\" aria-describedby=\"caption-attachment-295\" style=\"width: 616px\" class=\"wp-caption aligncenter\"><img loading=\"lazy\" decoding=\"async\" class=\" wp-image-295\" src=\"http:\/\/www.jsmassicotte.com\/lappeldelaventure\/wp-content\/uploads\/2019\/05\/GPTempDownload-1.jpg\" alt=\"\" width=\"616\" height=\"462\" srcset=\"http:\/\/www.jsmassicotte.com\/lappeldelaventure\/wp-content\/uploads\/2019\/05\/GPTempDownload-1.jpg 4000w, http:\/\/www.jsmassicotte.com\/lappeldelaventure\/wp-content\/uploads\/2019\/05\/GPTempDownload-1-300x225.jpg 300w, http:\/\/www.jsmassicotte.com\/lappeldelaventure\/wp-content\/uploads\/2019\/05\/GPTempDownload-1-768x576.jpg 768w, http:\/\/www.jsmassicotte.com\/lappeldelaventure\/wp-content\/uploads\/2019\/05\/GPTempDownload-1-1024x768.jpg 1024w\" sizes=\"auto, (max-width: 616px) 100vw, 616px\" \/><figcaption id=\"caption-attachment-295\" class=\"wp-caption-text\">Le chroniqueur plein air Jean-S\u00e9bastien Massicotte et l&rsquo;aventurier S\u00e9bastien Lapierre durant l&rsquo;enregistrement de l&rsquo;\u00e9pisode 01.<\/figcaption><\/figure>\n<p>Le magazine audio est produit et anim\u00e9 par&nbsp;<a href=\"http:\/\/jsmassicotte.com\/\" target=\"_blank\" rel=\"noopener noreferrer\">Jean-S\u00e9bastien Massicotte<\/a>, chroniqueur plein air, et coanim\u00e9 par l&rsquo;aventurier&nbsp;<a href=\"https:\/\/www.facebook.com\/sebastienlapierreaventurier\/\" target=\"_blank\" rel=\"noopener noreferrer\">S\u00e9bastien Lapierre<\/a>.<\/p>\n<p>Dans un format convivial, le nouveau rendez-vous bimensuel vous entra\u00eenera dans les coulisses de l&rsquo;aventure en compagnie du duo, mais \u00e9galement en pr\u00e9sence d&rsquo;une brochette d&rsquo;invit\u00e9s et de collaborateurs.<\/p>\n<p><img loading=\"lazy\" decoding=\"async\" class=\"wp-image-230 alignright\" src=\"http:\/\/www.jsmassicotte.com\/lappeldelaventure\/wp-content\/uploads\/2019\/05\/Logo-Appel-inside-blanc.jpg\" alt=\"\" width=\"304\" height=\"270\" srcset=\"http:\/\/www.jsmassicotte.com\/lappeldelaventure\/wp-content\/uploads\/2019\/05\/Logo-Appel-inside-blanc.jpg 1436w, http:\/\/www.jsmassicotte.com\/lappeldelaventure\/wp-content\/uploads\/2019\/05\/Logo-Appel-inside-blanc-300x266.jpg 300w, http:\/\/www.jsmassicotte.com\/lappeldelaventure\/wp-content\/uploads\/2019\/05\/Logo-Appel-inside-blanc-768x680.jpg 768w, http:\/\/www.jsmassicotte.com\/lappeldelaventure\/wp-content\/uploads\/2019\/05\/Logo-Appel-inside-blanc-1024x907.jpg 1024w\" sizes=\"auto, (max-width: 304px) 100vw, 304px\" \/><\/p>\n<p>Au menu, actualit\u00e9s, exp\u00e9ditions, rencontres, petits et grands exploits sportifs d&rsquo;ici et d&rsquo;ailleurs, destinations, \u00e9quipements, activit\u00e9s et tendances. Vous serez tout simplement aux premi\u00e8res loges.<\/p>\n<p><a href=\"https:\/\/soundcloud.com\/lappeldelaventure\" target=\"_blank\" rel=\"noopener noreferrer\">H\u00e9berg\u00e9e sur Soundcloud<\/a>, la baladodiffusion&nbsp;<i>L&rsquo;Appel de l&rsquo;aventure est<\/i>&nbsp;\u00e9galement accessible sur l&rsquo;ensemble des plateformes de diffusion les plus populaires, telles que <a href=\"https:\/\/podcasts.apple.com\/ca\/podcast\/lappel-de-laventure-votre-balado-plein-air\/id1465034906\" target=\"_blank\" rel=\"noopener noreferrer\">iTunes (iOS)<\/a>, &nbsp;<a href=\"https:\/\/play.google.com\/music\/listen?u=0#\/ps\/I5r6vthsfwnlkdo2ioy4wqbu6ba\" target=\"_blank\" rel=\"noopener noreferrer\">Google Play Music (Android)<\/a> ou encore <a href=\"https:\/\/open.spotify.com\/show\/79LCl2xA2ChNECrNpk2kyp?si=R0MLg0cDSzi2ogOwyyUvqw\" target=\"_blank\" rel=\"noopener noreferrer\">Spotify<\/a>.<\/p>\n<p>En compl\u00e9ment \u00e0 la baladodiffusion&nbsp;<i>L&rsquo;Appel de l&rsquo;aventure<\/i>, le blogue du m\u00eame nom servira de lieu d&rsquo;\u00e9change et de d\u00e9couverte o\u00f9 il sera possible de poursuivre l&rsquo;exp\u00e9rience&#8230; et m\u00eame plus.<\/p>\n<p>Il a \u00e9t\u00e9 question d&rsquo;une vid\u00e9o? Un lien Web m\u00e9rite votre attention? Des images valent le d\u00e9tour? Vous avez envie de contenu suppl\u00e9mentaire? L&rsquo;actualit\u00e9 impose un sujet? C&rsquo;est \u00e0&nbsp;<a href=\"http:\/\/jsmassicotte.info\/\" target=\"_blank\" rel=\"noopener noreferrer\">JSMassicotte.info<\/a> que cela se passera entre les \u00e9pisodes pour du mat\u00e9riel exclusif.<\/p>\n<p>C&rsquo;est donc avec beaucoup de satisfaction et de fiert\u00e9 que Jean-S\u00e9bastien et S\u00e9bastien&nbsp;vous invitent \u00e0 &nbsp;d\u00e9couvrir leur projet&nbsp;<i>L&rsquo;Appel de l&rsquo;aventure.<\/i>&nbsp;L&rsquo;\u00e9pisode 01, qui s&rsquo;attarde \u00e0 trois aventures hors norme&nbsp;autour du monde, est actuellement en ligne.<span class=\"Apple-converted-space\">&nbsp;<\/span><\/p>\n<p>Bonne \u00e9coute!<\/p>\n\n\n<iframe loading=\"lazy\" width=\"100%\" height=\"166\" scrolling=\"no\" frameborder=\"no\" allow=\"autoplay\" src=\"https:\/\/w.soundcloud.com\/player\/?url=https%3A\/\/api.soundcloud.com\/tracks\/623289576&amp;color=%23ff5500&amp;auto_play=false&amp;hide_related=false&amp;show_comments=true&amp;show_user=true&amp;show_reposts=false&amp;show_teaser=true\"><\/iframe>\n\n\n\n<p><em>P.S. Si vous appr\u00e9ciez le concept et nos efforts, n&rsquo;oubliez pas de partager la nouvelle sur vos r\u00e9seaux, de la commenter&#8230; de la faire voyager! Merci \u00e0 l&rsquo;avance de contribuer \u00e0 &nbsp;l&rsquo;essor de cette toute nouvelle balado sp\u00e9cialis\u00e9e plein air et aventure. Car sans vous, chers auditeurs, nous ne sommes rien!<\/em><\/p>\n","protected":false},"excerpt":{"rendered":"<p>QU\u00c9BEC \u2014 Les amateurs de plein air ont d\u00e9sormais un tout nouveau rendez-vous francophone avec l&rsquo;univers de l&rsquo;aventure. En effet, il suffit de tendre l&rsquo;oreille au moment de son choix pour appr\u00e9cier la baladodiffusion ind\u00e9pendante&nbsp;L&rsquo;Appel de l&rsquo;aventure. Le magazine audio est produit et anim\u00e9 par&nbsp;Jean-S\u00e9bastien Massicotte, chroniqueur plein air, et coanim\u00e9 par l&rsquo;aventurier&nbsp;S\u00e9bastien Lapierre. Dans &hellip; <\/p>\n<p class=\"link-more\"><a href=\"http:\/\/www.jsmassicotte.com\/lappeldelaventure\/2019\/05\/24\/lancement-de-la-balado-plein-air-lappel-de-laventure\/\" class=\"more-link\">Continuer la lecture<span class=\"screen-reader-text\"> de &laquo; Lancement de la baladodiffusion plein air L&rsquo;Appel de l&rsquo;aventure &raquo;<\/span><\/a><\/p>\n","protected":false},"author":1,"featured_media":0,"comment_status":"open","ping_status":"open","sticky":false,"template":"","format":"standard","meta":{"footnotes":""},"categories":[7,2,6],"tags":[],"class_list":["post-293","post","type-post","status-publish","format-standard","hentry","category-actualites","category-baladodiffusion","category-blogue"],"_links":{"self":[{"href":"http:\/\/www.jsmassicotte.com\/lappeldelaventure\/wp-json\/wp\/v2\/posts\/293","targetHints":{"allow":["GET"]}}],"collection":[{"href":"http:\/\/www.jsmassicotte.com\/lappeldelaventure\/wp-json\/wp\/v2\/posts"}],"about":[{"href":"http:\/\/www.jsmassicotte.com\/lappeldelaventure\/wp-json\/wp\/v2\/types\/post"}],"author":[{"embeddable":true,"href":"http:\/\/www.jsmassicotte.com\/lappeldelaventure\/wp-json\/wp\/v2\/users\/1"}],"replies":[{"embeddable":true,"href":"http:\/\/www.jsmassicotte.com\/lappeldelaventure\/wp-json\/wp\/v2\/comments?post=293"}],"version-history":[{"count":31,"href":"http:\/\/www.jsmassicotte.com\/lappeldelaventure\/wp-json\/wp\/v2\/posts\/293\/revisions"}],"predecessor-version":[{"id":489,"href":"http:\/\/www.jsmassicotte.com\/lappeldelaventure\/wp-json\/wp\/v2\/posts\/293\/revisions\/489"}],"wp:attachment":[{"href":"http:\/\/www.jsmassicotte.com\/lappeldelaventure\/wp-json\/wp\/v2\/media?parent=293"}],"wp:term":[{"taxonomy":"category","embeddable":true,"href":"http:\/\/www.jsmassicotte.com\/lappeldelaventure\/wp-json\/wp\/v2\/categories?post=293"},{"taxonomy":"post_tag","embeddable":true,"href":"http:\/\/www.jsmassicotte.com\/lappeldelaventure\/wp-json\/wp\/v2\/tags?post=293"}],"curies":[{"name":"wp","href":"https:\/\/api.w.org\/{rel}","templated":true}]}}