{"id":535,"date":"2019-06-14T17:31:05","date_gmt":"2019-06-14T21:31:05","guid":{"rendered":"http:\/\/www.jsmassicotte.com\/lappeldelaventure\/?p=535"},"modified":"2019-06-14T17:47:25","modified_gmt":"2019-06-14T21:47:25","slug":"a-10-ans-elle-gravit-le-nose-sur-el-capitan","status":"publish","type":"post","link":"http:\/\/www.jsmassicotte.com\/lappeldelaventure\/2019\/06\/14\/a-10-ans-elle-gravit-le-nose-sur-el-capitan\/","title":{"rendered":"\u00c0 10 ans, elle gravit le Nose sur El Capitan"},"content":{"rendered":"\n<p class=\"has-drop-cap has-medium-font-size\">\u00c0 l&rsquo;\u00e2ge o\u00f9 jouer \u00e0 la Barbie et faire du dessin bien tranquille \u00e0 la maison est davantage de rigueur, la jeune Selah Schneiter,  10 ans, vient plut\u00f4t de gravir en cinq jours les 31 longueurs et quelque 1000 m du mythique Nose, dans le parc national de Yosemite.<\/p>\n\n\n\n<p>Du coup, la jeune grimpeuse de Glenwood Springs, Colorado, devient la plus jeune personne \u00e0 r\u00e9aliser l&rsquo;exploit sur le <em>big wall<\/em> californien. <\/p>\n\n\n\n<figure class=\"wp-block-image\"><a href=\"https:\/\/www.facebook.com\/glenwoodclimbingguides\/photos\/a.231857036840773\/2885944844765299\/?type=3&amp;theater\" target=\"_blank\" rel=\"noreferrer noopener\"><img loading=\"lazy\" decoding=\"async\" width=\"1024\" height=\"1024\" src=\"http:\/\/www.jsmassicotte.com\/lappeldelaventure\/wp-content\/uploads\/2019\/06\/62500924_2885944848098632_6506979503317712896_o-1024x1024.jpg\" alt=\"\" class=\"wp-image-539\" srcset=\"http:\/\/www.jsmassicotte.com\/lappeldelaventure\/wp-content\/uploads\/2019\/06\/62500924_2885944848098632_6506979503317712896_o-1024x1024.jpg 1024w, http:\/\/www.jsmassicotte.com\/lappeldelaventure\/wp-content\/uploads\/2019\/06\/62500924_2885944848098632_6506979503317712896_o-150x150.jpg 150w, http:\/\/www.jsmassicotte.com\/lappeldelaventure\/wp-content\/uploads\/2019\/06\/62500924_2885944848098632_6506979503317712896_o-300x300.jpg 300w, http:\/\/www.jsmassicotte.com\/lappeldelaventure\/wp-content\/uploads\/2019\/06\/62500924_2885944848098632_6506979503317712896_o-768x768.jpg 768w, http:\/\/www.jsmassicotte.com\/lappeldelaventure\/wp-content\/uploads\/2019\/06\/62500924_2885944848098632_6506979503317712896_o-100x100.jpg 100w, http:\/\/www.jsmassicotte.com\/lappeldelaventure\/wp-content\/uploads\/2019\/06\/62500924_2885944848098632_6506979503317712896_o.jpg 1440w\" sizes=\"auto, (max-width: 767px) 89vw, (max-width: 1000px) 54vw, (max-width: 1071px) 543px, 580px\" \/><\/a><figcaption>Selah Schneiter, 10 ans, a pris cinq jours pour gravir le mythique Nose, une paroi de pr\u00e8s de 1000 m au coeur du parc national de Yosemite. \u2014 Photo tir\u00e9e de Facebook<\/figcaption><\/figure>\n\n\n\n<p>Le record appartenait jusque-l\u00e0 \u00e0 Scott Cory, qui avait grimp\u00e9 \u00e0 11 ans la l\u00e9gendaire voie \u00e0 deux reprises en 2001, dont une fois en une journ\u00e9e.<\/p>\n\n\n\n<p>Selah Schneiter a r\u00e9alis\u00e9 l&rsquo;ascension en compagnie de son p\u00e8re Mike et d&rsquo;un ami de la famille, Mark Regier. Elle a r\u00e9alis\u00e9 en premier de cord\u00e9e la premi\u00e8re longueur de la voie et la traverse sur ancrages fixes du Boot Flake.<\/p>\n\n\n\n<p><a rel=\"noreferrer noopener\" aria-label=\"Selon le magazine Outside, la jeune sensastion a l'escalade dans le sang (s\u2019ouvre dans un nouvel onglet)\" href=\"https:\/\/www.outsideonline.com\/2398205\/youngest-person-to-climb-nose-yosemite-selah-schneiter?fbclid=IwAR1eLIaoynDvakFiWe3ykyXrZeKehAqzZU8Ii3FlONKL33LFXEGeOxbGOl4\" target=\"_blank\">Selon le magazine O<\/a><em><a rel=\"noreferrer noopener\" aria-label=\"Selon le magazine Outside, la jeune sensastion a l'escalade dans le sang (s\u2019ouvre dans un nouvel onglet)\" href=\"https:\/\/www.outsideonline.com\/2398205\/youngest-person-to-climb-nose-yosemite-selah-schneiter?fbclid=IwAR1eLIaoynDvakFiWe3ykyXrZeKehAqzZU8Ii3FlONKL33LFXEGeOxbGOl4\" target=\"_blank\">utside<\/a><\/em><a rel=\"noreferrer noopener\" aria-label=\"Selon le magazine Outside, la jeune sensastion a l'escalade dans le sang (s\u2019ouvre dans un nouvel onglet)\" href=\"https:\/\/www.outsideonline.com\/2398205\/youngest-person-to-climb-nose-yosemite-selah-schneiter?fbclid=IwAR1eLIaoynDvakFiWe3ykyXrZeKehAqzZU8Ii3FlONKL33LFXEGeOxbGOl4\" target=\"_blank\">, la jeune fille a l&rsquo;escalade dans le sang<\/a>. Ses parents sont tomb\u00e9s amoureux en escaladant El Cap et Selah a fait son premier s\u00e9jour dans la vall\u00e9e de Yosemite \u00e0 l&rsquo;\u00e2ge de seulement huit semaines.<\/p>\n\n\n\n<p>Joy, la m\u00e8re de Selah, avait des appr\u00e9hensions malgr\u00e9 le fait qu&rsquo;elle soit elle m\u00eame une grimpeuse d&rsquo;exp\u00e9rience. \u00abJ&rsquo;\u00e9tais inqui\u00e8te de ses capacit\u00e9s \u00e0 faire autant de travail en \u00e9tant aussi petite. Mais je savais que Mike allait la garder en s\u00e9curit\u00e9. Je suis vraiment fi\u00e8re d&rsquo;elle\u00bb, a-t-elle comment\u00e9 \u00e0 <em>Outside<\/em>.<\/p>\n\n\n\n<p>Son p\u00e8re Mike poss\u00e8de l&rsquo;\u00e9cole d&rsquo;escalade <a href=\"http:\/\/wordpress.glenwoodclimbingguides.com\" target=\"_blank\" rel=\"noreferrer noopener\" aria-label=\"Glenwood Climbing Guides (s\u2019ouvre dans un nouvel onglet)\">Glenwood Climbing Guides<\/a>.<\/p>\n\n\n\n<p>Et si le record est menac\u00e9, c&rsquo;est peut-\u00eatre au sein m\u00eame de la famille Schneiter. Zeke, le fr\u00e8re de 7 ans de Selah, est aussi un grimpeur.  <\/p>\n\n\n\n<p>Passionn\u00e9, il esp\u00e8re d\u00e9j\u00e0 faire l&rsquo;ascension du Nose l&rsquo;an prochain. Une possible aventure m\u00e8re-fils, a affirm\u00e9 Joy. Ce sera \u00e0 surveiller.<\/p>\n\n\n\n<hr class=\"wp-block-separator\"\/>\n\n\n\n<p><em><strong>D\u00e9couvrez la baladodiffusion <\/strong><\/em><strong>L&rsquo;Appel de l&rsquo;aventure <\/strong><em><strong>sur <\/strong><\/em><a rel=\"noreferrer noopener\" href=\"http:\/\/feeds.soundcloud.com\/users\/soundcloud:users:614904471\/sounds.rss\" target=\"_blank\"><em><strong>Soundcloud<\/strong><\/em><\/a><em><strong>, <a rel=\"noreferrer noopener\" href=\"https:\/\/open.spotify.com\/show\/79LCl2xA2ChNECrNpk2kyp?si=eekuJwyrRU-NuIBX4V3nBA\" target=\"_blank\">Spotify<\/a>, <\/strong><\/em><a rel=\"noreferrer noopener\" href=\"https:\/\/podcasts.apple.com\/ca\/podcast\/lappel-de-laventure-votre-balado-plein-air\/id1465034906\" target=\"_blank\"><em><strong>iTunes<\/strong><\/em><\/a><em><strong>, <a rel=\"noreferrer noopener\" href=\"https:\/\/playmusic.app.goo.gl\/?ibi=com.google.PlayMusic&amp;isi=691797987&amp;ius=googleplaymusic&amp;apn=com.google.android.music&amp;link=https:\/\/play.google.com\/music\/m\/I5r6vthsfwnlkdo2ioy4wqbu6ba?t%3DL'Appel_de_l'aventure_-_Votre_balado_plein_air%26pcampaignid%3DMKT-na-all-co-pr-mu-pod-16\" target=\"_blank\">Google Play Music<\/a> ou \u00e0 <\/strong><\/em><a rel=\"noreferrer noopener\" href=\"http:\/\/JSMassicotte.info\" target=\"_blank\"><em><strong>JSMassicotte.info<\/strong><\/em><\/a><em><strong>.<\/strong><\/em><\/p>\n","protected":false},"excerpt":{"rendered":"<p>\u00c0 l&rsquo;\u00e2ge o\u00f9 jouer \u00e0 la Barbie et faire du dessin bien tranquille \u00e0 la maison est davantage de rigueur, la jeune Selah Schneiter, 10 ans, vient plut\u00f4t de gravir en cinq jours les 31 longueurs et quelque 1000 m du mythique Nose, dans le parc national de Yosemite. Du coup, la jeune grimpeuse de &hellip; <\/p>\n<p class=\"link-more\"><a href=\"http:\/\/www.jsmassicotte.com\/lappeldelaventure\/2019\/06\/14\/a-10-ans-elle-gravit-le-nose-sur-el-capitan\/\" class=\"more-link\">Continuer la lecture<span class=\"screen-reader-text\"> de &laquo; \u00c0 10 ans, elle gravit le Nose sur El Capitan &raquo;<\/span><\/a><\/p>\n","protected":false},"author":1,"featured_media":0,"comment_status":"open","ping_status":"open","sticky":false,"template":"","format":"standard","meta":{"footnotes":""},"categories":[7,6,23,19,10],"tags":[],"class_list":["post-535","post","type-post","status-publish","format-standard","hentry","category-actualites","category-blogue","category-escalade","category-famille","category-insolite"],"_links":{"self":[{"href":"http:\/\/www.jsmassicotte.com\/lappeldelaventure\/wp-json\/wp\/v2\/posts\/535","targetHints":{"allow":["GET"]}}],"collection":[{"href":"http:\/\/www.jsmassicotte.com\/lappeldelaventure\/wp-json\/wp\/v2\/posts"}],"about":[{"href":"http:\/\/www.jsmassicotte.com\/lappeldelaventure\/wp-json\/wp\/v2\/types\/post"}],"author":[{"embeddable":true,"href":"http:\/\/www.jsmassicotte.com\/lappeldelaventure\/wp-json\/wp\/v2\/users\/1"}],"replies":[{"embeddable":true,"href":"http:\/\/www.jsmassicotte.com\/lappeldelaventure\/wp-json\/wp\/v2\/comments?post=535"}],"version-history":[{"count":7,"href":"http:\/\/www.jsmassicotte.com\/lappeldelaventure\/wp-json\/wp\/v2\/posts\/535\/revisions"}],"predecessor-version":[{"id":544,"href":"http:\/\/www.jsmassicotte.com\/lappeldelaventure\/wp-json\/wp\/v2\/posts\/535\/revisions\/544"}],"wp:attachment":[{"href":"http:\/\/www.jsmassicotte.com\/lappeldelaventure\/wp-json\/wp\/v2\/media?parent=535"}],"wp:term":[{"taxonomy":"category","embeddable":true,"href":"http:\/\/www.jsmassicotte.com\/lappeldelaventure\/wp-json\/wp\/v2\/categories?post=535"},{"taxonomy":"post_tag","embeddable":true,"href":"http:\/\/www.jsmassicotte.com\/lappeldelaventure\/wp-json\/wp\/v2\/tags?post=535"}],"curies":[{"name":"wp","href":"https:\/\/api.w.org\/{rel}","templated":true}]}}