{"id":759,"date":"2019-07-05T17:42:42","date_gmt":"2019-07-05T21:42:42","guid":{"rendered":"http:\/\/www.jsmassicotte.com\/lappeldelaventure\/?p=759"},"modified":"2019-07-05T23:28:26","modified_gmt":"2019-07-06T03:28:26","slug":"episode-04-survol-des-tendances-au-salon-outdoor-retailer-et-vanlife-a-travers-lamerique","status":"publish","type":"post","link":"http:\/\/www.jsmassicotte.com\/lappeldelaventure\/2019\/07\/05\/episode-04-survol-des-tendances-au-salon-outdoor-retailer-et-vanlife-a-travers-lamerique\/","title":{"rendered":"\u00c9pisode 04 \/ Survol des tendances au salon Outdoor Retailer et #vanlife \u00e0 travers l&rsquo;Am\u00e9rique"},"content":{"rendered":"\n<figure class=\"wp-block-image\"><img loading=\"lazy\" decoding=\"async\" width=\"1024\" height=\"683\" src=\"http:\/\/www.jsmassicotte.com\/lappeldelaventure\/wp-content\/uploads\/2019\/07\/ORG_DSC07108-1024x683.jpg\" alt=\"\" class=\"wp-image-760\" srcset=\"http:\/\/www.jsmassicotte.com\/lappeldelaventure\/wp-content\/uploads\/2019\/07\/ORG_DSC07108-1024x683.jpg 1024w, http:\/\/www.jsmassicotte.com\/lappeldelaventure\/wp-content\/uploads\/2019\/07\/ORG_DSC07108-300x200.jpg 300w, http:\/\/www.jsmassicotte.com\/lappeldelaventure\/wp-content\/uploads\/2019\/07\/ORG_DSC07108-768x512.jpg 768w\" sizes=\"auto, (max-width: 767px) 89vw, (max-width: 1000px) 54vw, (max-width: 1071px) 543px, 580px\" \/><figcaption>Cendrine Ch\u00e9nel et Claude Trudelle compl\u00e8tent tout juste un premier voyage de six mois \u00e0 travers l&rsquo;Am\u00e9rique \u00e0 bord de leur Sprinter 4&#215;4 baptis\u00e9 \u00abLicorne noire\u00bb. \u2014 Photo Jean-S\u00e9bastien Massicotte<\/figcaption><\/figure>\n\n\n\n<p class=\"has-drop-cap has-medium-font-size\">Au programme de l\u2019\u00e9pisode 04, on s&rsquo;int\u00e9resse au #vanlife en compagnie de Claude Trudelle et de Cendrine Ch\u00e9nel (<a rel=\"noreferrer noopener\" href=\"http:\/\/www.deuxquebecoisautourdumonde.com\" target=\"_blank\">www.deuxquebecoisautourdumonde.com<\/a>), qui reviennent tout juste d&rsquo;une vir\u00e9e de six mois en Sprinter 4&#215;4 \u00e0 travers les \u00c9tats-Unis et l&rsquo;Ouest canadien. <\/p>\n\n\n\n<p>Mais auparavant, on vous parle tendances, nouveaut\u00e9s et f\u00eates d&rsquo;anniversaires au salon Outdoor Retailer, la grand-messe am\u00e9ricaine des manufacturiers de mat\u00e9riel et de v\u00eatements de plein air.<\/p>\n\n\n\n<p>Un \u00e9pisode pr\u00e9sent\u00e9 en collaboration avec <a rel=\"noreferrer noopener\" aria-label=\"Arc\u2019teryx (s\u2019ouvre dans un nouvel onglet)\" href=\"http:\/\/www.arcteryx.com\" target=\"_blank\">Arc\u2019teryx<\/a>, en partenariat avec la boutique <a rel=\"noreferrer noopener\" aria-label=\"Pagaie Qu\u00e9bec (s\u2019ouvre dans un nouvel onglet)\" href=\"http:\/\/www.pagaiequebec.com\" target=\"_blank\">Pagaie Qu\u00e9bec<\/a>.<\/p>\n\n\n\n<iframe loading=\"lazy\" width=\"100%\" height=\"166\" scrolling=\"no\" frameborder=\"no\" allow=\"autoplay\" src=\"https:\/\/w.soundcloud.com\/player\/?url=https%3A\/\/api.soundcloud.com\/tracks\/646790592%3Fsecret_token%3Ds-bLRDE&amp;color=%23ff5500&amp;auto_play=true&amp;hide_related=false&amp;show_comments=true&amp;show_user=true&amp;show_reposts=false&amp;show_teaser=true\"><\/iframe>\n\n\n\n<p>1:14 \/\/ Deux grandes tendances persistent au plus r\u00e9cent salon Outdoor Retailer des manufacturiers de mat\u00e9riel et de v\u00eatements de plein air. <a href=\"https:\/\/soundcloud.com\/lappeldelaventure\/jsm-lappel-ep04\/s-bLRDE#t=1:14\" target=\"_blank\" rel=\"noreferrer noopener\" aria-label=\"Jean-S\u00e9bastien et S\u00e9bastien en discutent (s\u2019ouvre dans un nouvel onglet)\">Jean-S\u00e9bastien et S\u00e9bastien en discutent<\/a> et se surprennent \u00e9galement des anniversaires soulign\u00e9s durant le salon pr\u00e9sent\u00e9 \u00e0 Denver cette ann\u00e9e.<\/p>\n\n\n\n<p>10:53 \/\/ <a href=\"https:\/\/soundcloud.com\/lappeldelaventure\/jsm-lappel-ep04\/s-bLRDE#t=10:53\" target=\"_blank\" rel=\"noreferrer noopener\" aria-label=\"Rencontre avec Claude Trudelle et Cendrine Ch\u00e9nel (s\u2019ouvre dans un nouvel onglet)\">Rencontre avec Claude Trudelle et Cendrine Ch\u00e9nel<\/a>, deux jeunes retrait\u00e9s mieux connus sous l&rsquo;appellation Deux Qu\u00e9b\u00e9cois autour du monde, qui reviennent de six mois sur la route en #vanlife. Avant de reprendre le volant pour la suite de leur vir\u00e9e nord-am\u00e9ricaine, le couple de grands voyageurs passera prochainement au train \u00e0 bord du Transsib\u00e9rien, pour quelques mois d&rsquo;aventures en Europe et en Asie.<\/p>\n\n\n\n<hr class=\"wp-block-separator\"\/>\n\n\n\n<p>Vous avez aim\u00e9 cet \u00e9pisode? Partagez la baladodiffusion sur vos r\u00e9seaux, commentez-la et contribuez du coup \u00e0 faire entendre <em>L\u2019Appel de l\u2019aventure<\/em>.<\/p>\n\n\n\n<hr class=\"wp-block-separator\"\/>\n\n\n\n<p><em><strong>D\u00e9couvrez la baladodiffusion <\/strong><\/em><strong>L&rsquo;Appel de l&rsquo;aventure <\/strong><em><strong>sur <\/strong><\/em><a rel=\"noreferrer noopener\" href=\"http:\/\/feeds.soundcloud.com\/users\/soundcloud:users:614904471\/sounds.rss\" target=\"_blank\"><em><strong>Soundcloud<\/strong><\/em><\/a><em><strong>, <a rel=\"noreferrer noopener\" href=\"https:\/\/open.spotify.com\/show\/79LCl2xA2ChNECrNpk2kyp?si=eekuJwyrRU-NuIBX4V3nBA\" target=\"_blank\">Spotify<\/a>, <\/strong><\/em><a rel=\"noreferrer noopener\" href=\"https:\/\/podcasts.apple.com\/ca\/podcast\/lappel-de-laventure-votre-balado-plein-air\/id1465034906\" target=\"_blank\"><em><strong>iTunes<\/strong><\/em><\/a><em><strong>, <a rel=\"noreferrer noopener\" href=\"https:\/\/playmusic.app.goo.gl\/?ibi=com.google.PlayMusic&amp;isi=691797987&amp;ius=googleplaymusic&amp;apn=com.google.android.music&amp;link=https:\/\/play.google.com\/music\/m\/I5r6vthsfwnlkdo2ioy4wqbu6ba?t%3DL'Appel_de_l'aventure_-_Votre_balado_plein_air%26pcampaignid%3DMKT-na-all-co-pr-mu-pod-16\" target=\"_blank\">Google Play Music<\/a> ou \u00e0 <\/strong><\/em><a rel=\"noreferrer noopener\" href=\"http:\/\/JSMassicotte.info\" target=\"_blank\"><em><strong>JSMassicotte.info<\/strong><\/em><\/a><em><strong>.<\/strong><\/em><\/p>\n","protected":false},"excerpt":{"rendered":"<p>Au programme de l\u2019\u00e9pisode 04, on s&rsquo;int\u00e9resse au #vanlife en compagnie de Claude Trudelle et de Cendrine Ch\u00e9nel (www.deuxquebecoisautourdumonde.com), qui reviennent tout juste d&rsquo;une vir\u00e9e de six mois en Sprinter 4&#215;4 \u00e0 travers les \u00c9tats-Unis et l&rsquo;Ouest canadien. Mais auparavant, on vous parle tendances, nouveaut\u00e9s et f\u00eates d&rsquo;anniversaires au salon Outdoor Retailer, la grand-messe am\u00e9ricaine &hellip; <\/p>\n<p class=\"link-more\"><a href=\"http:\/\/www.jsmassicotte.com\/lappeldelaventure\/2019\/07\/05\/episode-04-survol-des-tendances-au-salon-outdoor-retailer-et-vanlife-a-travers-lamerique\/\" class=\"more-link\">Continuer la lecture<span class=\"screen-reader-text\"> de &laquo; \u00c9pisode 04 \/ Survol des tendances au salon Outdoor Retailer et #vanlife \u00e0 travers l&rsquo;Am\u00e9rique &raquo;<\/span><\/a><\/p>\n","protected":false},"author":1,"featured_media":0,"comment_status":"open","ping_status":"open","sticky":false,"template":"","format":"standard","meta":{"footnotes":""},"categories":[29,7,2,13,25],"tags":[],"class_list":["post-759","post","type-post","status-publish","format-standard","hentry","category-vanlife","category-actualites","category-baladodiffusion","category-entrevue","category-sebastien-lapierre"],"_links":{"self":[{"href":"http:\/\/www.jsmassicotte.com\/lappeldelaventure\/wp-json\/wp\/v2\/posts\/759","targetHints":{"allow":["GET"]}}],"collection":[{"href":"http:\/\/www.jsmassicotte.com\/lappeldelaventure\/wp-json\/wp\/v2\/posts"}],"about":[{"href":"http:\/\/www.jsmassicotte.com\/lappeldelaventure\/wp-json\/wp\/v2\/types\/post"}],"author":[{"embeddable":true,"href":"http:\/\/www.jsmassicotte.com\/lappeldelaventure\/wp-json\/wp\/v2\/users\/1"}],"replies":[{"embeddable":true,"href":"http:\/\/www.jsmassicotte.com\/lappeldelaventure\/wp-json\/wp\/v2\/comments?post=759"}],"version-history":[{"count":6,"href":"http:\/\/www.jsmassicotte.com\/lappeldelaventure\/wp-json\/wp\/v2\/posts\/759\/revisions"}],"predecessor-version":[{"id":766,"href":"http:\/\/www.jsmassicotte.com\/lappeldelaventure\/wp-json\/wp\/v2\/posts\/759\/revisions\/766"}],"wp:attachment":[{"href":"http:\/\/www.jsmassicotte.com\/lappeldelaventure\/wp-json\/wp\/v2\/media?parent=759"}],"wp:term":[{"taxonomy":"category","embeddable":true,"href":"http:\/\/www.jsmassicotte.com\/lappeldelaventure\/wp-json\/wp\/v2\/categories?post=759"},{"taxonomy":"post_tag","embeddable":true,"href":"http:\/\/www.jsmassicotte.com\/lappeldelaventure\/wp-json\/wp\/v2\/tags?post=759"}],"curies":[{"name":"wp","href":"https:\/\/api.w.org\/{rel}","templated":true}]}}