{"id":780,"date":"2019-07-17T15:39:14","date_gmt":"2019-07-17T19:39:14","guid":{"rendered":"http:\/\/www.jsmassicotte.com\/lappeldelaventure\/?p=780"},"modified":"2019-07-17T19:25:26","modified_gmt":"2019-07-17T23:25:26","slug":"senvoler-au-dessous-du-tour-de-france","status":"publish","type":"post","link":"http:\/\/www.jsmassicotte.com\/lappeldelaventure\/2019\/07\/17\/senvoler-au-dessous-du-tour-de-france\/","title":{"rendered":"S&rsquo;envoler au-dessus du Tour de France"},"content":{"rendered":"\n<p class=\"has-drop-cap has-medium-font-size\">Faut-il c\u00e9l\u00e9brer ou plut\u00f4t d\u00e9noncer pareille \u00abtradition\u00bb d\u00e9sormais en place durant le Tour de France? <\/p>\n\n\n\n<p>La question reste enti\u00e8re, mais qu&rsquo;importe la r\u00e9ponse le spectacle d&rsquo;un kamikaze au guidon de son v\u00e9lo de montagne qui s&rsquo;envole au-dessus du peloton reste \u00e0 coup s\u00fbr spectaculaire.<\/p>\n\n\n\n<iframe loading=\"lazy\" width=\"560\" height=\"315\" src=\"https:\/\/www.youtube.com\/embed\/8dUBQIL9uLQ\" frameborder=\"0\" allow=\"accelerometer; autoplay; encrypted-media; gyroscope; picture-in-picture\" allowfullscreen=\"\"><\/iframe>\n\n\n\n<p>La cascade n&rsquo;est pas nouvelle, mais le Fran\u00e7ais Valentin Anouilh a voulu \u00e0 son tour rendre \u00abhommage\u00bb \u00e0 la plus importance course cycliste de la plan\u00e8te et \u00e0 ses athl\u00e8tes.<\/p>\n\n\n\n<p>Durant l&rsquo;\u00e9tape de lundi dernier entre St-Flour et Albi, le casse-cou de 19 ans a trouv\u00e9 l&rsquo;endroit propice pour son envol\u00e9e. <\/p>\n\n\n\n<p>Au-del\u00e0 du courage \u2014 ou de la folie! \u2014 qu&rsquo;il faut pour r\u00e9aliser pareil saut de 16 m\u00e8tres, c&rsquo;est une question de synchronisme qu&rsquo;il faut avoir pour d\u00e9fier le peloton de la sorte.<\/p>\n\n\n\n<figure class=\"wp-block-image\"><img loading=\"lazy\" decoding=\"async\" width=\"1024\" height=\"624\" src=\"http:\/\/www.jsmassicotte.com\/lappeldelaventure\/wp-content\/uploads\/2019\/07\/tour-1024x624.jpg\" alt=\"\" class=\"wp-image-784\" srcset=\"http:\/\/www.jsmassicotte.com\/lappeldelaventure\/wp-content\/uploads\/2019\/07\/tour-1024x624.jpg 1024w, http:\/\/www.jsmassicotte.com\/lappeldelaventure\/wp-content\/uploads\/2019\/07\/tour-300x183.jpg 300w, http:\/\/www.jsmassicotte.com\/lappeldelaventure\/wp-content\/uploads\/2019\/07\/tour-768x468.jpg 768w, http:\/\/www.jsmassicotte.com\/lappeldelaventure\/wp-content\/uploads\/2019\/07\/tour.jpg 1806w\" sizes=\"auto, (max-width: 767px) 89vw, (max-width: 1000px) 54vw, (max-width: 1071px) 543px, 580px\" \/><figcaption>Valentin Anouilh a survol\u00e9 le peloton du Tour de France lundi durant l&rsquo;\u00e9tape entre Saint-Flour et Albi. \u2014 Photo tir\u00e9e de YouTube<\/figcaption><\/figure>\n\n\n\n<p>Un saut qui doit aussi \u00eatre pr\u00e9par\u00e9 dans la plus grande discr\u00e9tion pour ne pas \u00e9veiller les soup\u00e7ons des forces de l&rsquo;ordre et des organisateurs, qui ne sauraient tol\u00e9rer pareille action.<\/p>\n\n\n\n<p>Depuis 2003, une s\u00e9rie de cyclistes n&rsquo;ayant pas peur aux yeux ont pourtant r\u00e9alis\u00e9 l&rsquo;exploit durant le Tour de France.<\/p>\n\n\n\n<p>L&rsquo;an pass\u00e9, Alexis Bosson avait fait sensation durant une \u00e9tape, survolant le peloton avec un saut sans les mains qui avait \u00e9t\u00e9 capt\u00e9 en direct durant la retransmission mondiale du Tour.<\/p>\n\n\n\n<p>\u00c7a m\u00e9ritait presque le maillot jaune&#8230;<\/p>\n\n\n\n<iframe loading=\"lazy\" width=\"560\" height=\"315\" src=\"https:\/\/www.youtube.com\/embed\/PX5erjcmgZM\" frameborder=\"0\" allow=\"accelerometer; autoplay; encrypted-media; gyroscope; picture-in-picture\" allowfullscreen=\"\"><\/iframe>\n\n\n\n<p><em><strong>D\u00e9couvrez la baladodiffusion <\/strong><\/em><strong>L&rsquo;Appel de l&rsquo;aventure <\/strong><em><strong>sur <\/strong><\/em><a rel=\"noreferrer noopener\" href=\"http:\/\/feeds.soundcloud.com\/users\/soundcloud:users:614904471\/sounds.rss\" target=\"_blank\"><em><strong>Soundcloud<\/strong><\/em><\/a><em><strong>, <a rel=\"noreferrer noopener\" href=\"https:\/\/open.spotify.com\/show\/79LCl2xA2ChNECrNpk2kyp?si=eekuJwyrRU-NuIBX4V3nBA\" target=\"_blank\">Spotify<\/a>, <\/strong><\/em><a rel=\"noreferrer noopener\" href=\"https:\/\/podcasts.apple.com\/ca\/podcast\/lappel-de-laventure-votre-balado-plein-air\/id1465034906\" target=\"_blank\"><em><strong>iTunes<\/strong><\/em><\/a><em><strong>, <a rel=\"noreferrer noopener\" href=\"https:\/\/playmusic.app.goo.gl\/?ibi=com.google.PlayMusic&amp;isi=691797987&amp;ius=googleplaymusic&amp;apn=com.google.android.music&amp;link=https:\/\/play.google.com\/music\/m\/I5r6vthsfwnlkdo2ioy4wqbu6ba?t%3DL'Appel_de_l'aventure_-_Votre_balado_plein_air%26pcampaignid%3DMKT-na-all-co-pr-mu-pod-16\" target=\"_blank\">Google Play Music<\/a> ou \u00e0 <\/strong><\/em><a rel=\"noreferrer noopener\" href=\"http:\/\/JSMassicotte.info\" target=\"_blank\"><em><strong>JSMassicotte.info<\/strong><\/em><\/a><em><strong>.<\/strong><\/em><\/p>\n\n\n\n<p> <\/p>\n","protected":false},"excerpt":{"rendered":"<p>Faut-il c\u00e9l\u00e9brer ou plut\u00f4t d\u00e9noncer pareille \u00abtradition\u00bb d\u00e9sormais en place durant le Tour de France? La question reste enti\u00e8re, mais qu&rsquo;importe la r\u00e9ponse le spectacle d&rsquo;un kamikaze au guidon de son v\u00e9lo de montagne qui s&rsquo;envole au-dessus du peloton reste \u00e0 coup s\u00fbr spectaculaire. La cascade n&rsquo;est pas nouvelle, mais le Fran\u00e7ais Valentin Anouilh a &hellip; <\/p>\n<p class=\"link-more\"><a href=\"http:\/\/www.jsmassicotte.com\/lappeldelaventure\/2019\/07\/17\/senvoler-au-dessous-du-tour-de-france\/\" class=\"more-link\">Continuer la lecture<span class=\"screen-reader-text\"> de &laquo; S&rsquo;envoler au-dessus du Tour de France &raquo;<\/span><\/a><\/p>\n","protected":false},"author":1,"featured_media":0,"comment_status":"open","ping_status":"open","sticky":false,"template":"","format":"standard","meta":{"footnotes":""},"categories":[7,6,10,28],"tags":[],"class_list":["post-780","post","type-post","status-publish","format-standard","hentry","category-actualites","category-blogue","category-insolite","category-velo"],"_links":{"self":[{"href":"http:\/\/www.jsmassicotte.com\/lappeldelaventure\/wp-json\/wp\/v2\/posts\/780","targetHints":{"allow":["GET"]}}],"collection":[{"href":"http:\/\/www.jsmassicotte.com\/lappeldelaventure\/wp-json\/wp\/v2\/posts"}],"about":[{"href":"http:\/\/www.jsmassicotte.com\/lappeldelaventure\/wp-json\/wp\/v2\/types\/post"}],"author":[{"embeddable":true,"href":"http:\/\/www.jsmassicotte.com\/lappeldelaventure\/wp-json\/wp\/v2\/users\/1"}],"replies":[{"embeddable":true,"href":"http:\/\/www.jsmassicotte.com\/lappeldelaventure\/wp-json\/wp\/v2\/comments?post=780"}],"version-history":[{"count":6,"href":"http:\/\/www.jsmassicotte.com\/lappeldelaventure\/wp-json\/wp\/v2\/posts\/780\/revisions"}],"predecessor-version":[{"id":787,"href":"http:\/\/www.jsmassicotte.com\/lappeldelaventure\/wp-json\/wp\/v2\/posts\/780\/revisions\/787"}],"wp:attachment":[{"href":"http:\/\/www.jsmassicotte.com\/lappeldelaventure\/wp-json\/wp\/v2\/media?parent=780"}],"wp:term":[{"taxonomy":"category","embeddable":true,"href":"http:\/\/www.jsmassicotte.com\/lappeldelaventure\/wp-json\/wp\/v2\/categories?post=780"},{"taxonomy":"post_tag","embeddable":true,"href":"http:\/\/www.jsmassicotte.com\/lappeldelaventure\/wp-json\/wp\/v2\/tags?post=780"}],"curies":[{"name":"wp","href":"https:\/\/api.w.org\/{rel}","templated":true}]}}