{"id":789,"date":"2019-07-22T13:44:29","date_gmt":"2019-07-22T17:44:29","guid":{"rendered":"http:\/\/www.jsmassicotte.com\/lappeldelaventure\/?p=789"},"modified":"2019-07-22T14:39:42","modified_gmt":"2019-07-22T18:39:42","slug":"episode-05-le-tour-du-monde-dandre-francois-bourbeau-et-micro-aventures-avec-joanie-st-pierre","status":"publish","type":"post","link":"http:\/\/www.jsmassicotte.com\/lappeldelaventure\/2019\/07\/22\/episode-05-le-tour-du-monde-dandre-francois-bourbeau-et-micro-aventures-avec-joanie-st-pierre\/","title":{"rendered":"\u00c9pisode 05 \/ Le tour du monde d&rsquo;Andr\u00e9-Fran\u00e7ois Bourbeau et micro aventures avec Joanie St-Pierre"},"content":{"rendered":"\n<p>Au programme de l&rsquo;\u00e9pisode 05 de<em> L&rsquo;Appel de l&rsquo;aventure<\/em>, un entretien avec le sp\u00e9cialiste de la survie Andr\u00e9-Fran\u00e7ois Bourbeau, qui revient tout juste d&rsquo;un tour du monde de 100 jours arm\u00e9 seulement d&rsquo;un sac de 7 kg, puis on jase du concept de micro aventures en compagnie de Joanie St-Pierre (<a rel=\"noreferrer noopener\" href=\"https:\/\/gate.sc\/?url=http%3A%2F%2Fwww.timoussedansbrousse.com&amp;token=46f733-1-1563816693022\" target=\"_blank\">www.timoussedansbrousse.com<\/a>), notre chroniqueuse famille.<\/p>\n\n\n\n<p>\u00c9pisode pr\u00e9sent\u00e9 en collaboration avec&nbsp;<a href=\"https:\/\/gate.sc\/?url=http%3A%2F%2Fwww.arcteryx.com&amp;token=615afe-1-1563816693023\" rel=\"noreferrer noopener\" target=\"_blank\">www.arcteryx.com<\/a>, en partenariat avec la boutique&nbsp;<a href=\"https:\/\/gate.sc\/?url=http%3A%2F%2Fwww.pagaiequebec.com&amp;token=c6a817-1-1563816693023\" rel=\"noreferrer noopener\" target=\"_blank\">www.pagaiequebec.com<\/a><\/p>\n\n\n\n<iframe loading=\"lazy\" width=\"100%\" height=\"166\" scrolling=\"no\" frameborder=\"no\" allow=\"autoplay\" src=\"https:\/\/w.soundcloud.com\/player\/?url=https%3A\/\/api.soundcloud.com\/tracks\/653478032&amp;color=%23ff5500&amp;auto_play=true&amp;hide_related=false&amp;show_comments=true&amp;show_user=true&amp;show_reposts=false&amp;show_teaser=true\"><\/iframe>\n\n\n\n<p>0:38 \/\/ <a href=\"https:\/\/soundcloud.com\/lappeldelaventure\/jsm-lappel-ep05-1#t=0:38\" target=\"_blank\" rel=\"noreferrer noopener\" aria-label=\"Discussion d'intro (s\u2019ouvre dans un nouvel onglet)\">Discussion d&rsquo;intro<\/a>: S\u00e9bastien nous parle de sa visite au Paradis marin, \u00e0 Bergeronnes, pour d\u00e9couvrir le&nbsp;<a href=\"https:\/\/soundcloud.com\/tags\/SUP\">#SUP<\/a>&nbsp;et Jean-S\u00e9bastien revient sur son passage \u00e0 Sherbrooke au salon de l&rsquo;Association des repr\u00e9sentants de l&rsquo;industrie du sport du Qu\u00e9bec (ARISQ).<\/p>\n\n\n\n<p>8:23 \/\/ Le l\u00e9gendaire <a href=\"https:\/\/soundcloud.com\/lappeldelaventure\/jsm-lappel-ep05-1#t=8:23\" target=\"_blank\" rel=\"noreferrer noopener\" aria-label=\"Andr\u00e9-Fran\u00e7ois Bourbeau nous raconte (s\u2019ouvre dans un nouvel onglet)\">Andr\u00e9-Fran\u00e7ois Bourbeau nous raconte<\/a> son voyage autour du monde en 100 jours.<\/p>\n\n\n\n<iframe loading=\"lazy\" src=\"https:\/\/www.facebook.com\/plugins\/post.php?href=https%3A%2F%2Fwww.facebook.com%2Fphoto.php%3Ffbid%3D2055206231182744%26set%3Da.472100982826618%26type%3D3&#038;width=500\" width=\"500\" height=\"523\" style=\"border:none;overflow:hidden\" scrolling=\"no\" frameborder=\"0\" allowTransparency=\"true\" allow=\"encrypted-media\"><\/iframe>\n\n\n\n<p>29:58 \/\/ Chronique famille avec Joanie St-Pierre: <a href=\"https:\/\/soundcloud.com\/lappeldelaventure\/jsm-lappel-ep05-1#t=29:588\" target=\"_blank\" rel=\"noreferrer noopener\" aria-label=\"le concept de micro aventures (s\u2019ouvre dans un nouvel onglet)\">le concept de micro aventures<\/a>.<\/p>\n\n\n\n<figure class=\"wp-block-image\"><img loading=\"lazy\" decoding=\"async\" width=\"1024\" height=\"682\" src=\"http:\/\/www.jsmassicotte.com\/lappeldelaventure\/wp-content\/uploads\/2019\/06\/DSC06532-1024x682.jpg\" alt=\"\" class=\"wp-image-492\" srcset=\"http:\/\/www.jsmassicotte.com\/lappeldelaventure\/wp-content\/uploads\/2019\/06\/DSC06532-1024x682.jpg 1024w, http:\/\/www.jsmassicotte.com\/lappeldelaventure\/wp-content\/uploads\/2019\/06\/DSC06532-300x200.jpg 300w, http:\/\/www.jsmassicotte.com\/lappeldelaventure\/wp-content\/uploads\/2019\/06\/DSC06532-768x512.jpg 768w, http:\/\/www.jsmassicotte.com\/lappeldelaventure\/wp-content\/uploads\/2019\/06\/DSC06532.jpg 1214w\" sizes=\"auto, (max-width: 767px) 89vw, (max-width: 1000px) 54vw, (max-width: 1071px) 543px, 580px\" \/><figcaption><em>Notre chroniqueuse famille <\/em>Joanie St-Pierre, fondatrice de <a rel=\"noreferrer noopener\" aria-label=\"Ti-Mousse dans Brousse (s\u2019ouvre dans un nouvel onglet)\" href=\"http:\/\/www.timoussedansbrousse.com\" target=\"_blank\">Ti-Mousse dans Brousse<\/a> \u2014 Photo Jean-S\u00e9bastien Massicottev<\/figcaption><\/figure>\n\n\n\n<hr class=\"wp-block-separator\"\/>\n\n\n\n<p><em>L\u2019Appel de l\u2019aventure<\/em>, c\u2019est tout pour vous tenir inform\u00e9 et vous faire d\u00e9couvrir ce qui anime et fait vibrer la plan\u00e8te plein air. Un magazine en baladodiffusion produit et anim\u00e9 par <a rel=\"noreferrer noopener\" aria-label=\"Jean-S\u00e9bastien Massicotte (s\u2019ouvre dans un nouvel onglet)\" href=\"http:\/\/facebook.com\/jsmassicottepro\" target=\"_blank\">Jean-S\u00e9bastien Massicotte<\/a>, journaliste et chroniqueur plein air, et coanim\u00e9 par l\u2019aventurier <a rel=\"noreferrer noopener\" aria-label=\"S\u00e9bastien Lapierre (s\u2019ouvre dans un nouvel onglet)\" href=\"https:\/\/www.facebook.com\/sebastienlapierreaventurier\/\" target=\"_blank\">S\u00e9bastien Lapierre<\/a>.<\/p>\n\n\n\n<p>Podcast h\u00e9berg\u00e9 sur Soundcloud: @<a href=\"https:\/\/soundcloud.com\/lappeldelaventure\" target=\"_blank\" rel=\"noreferrer noopener\" aria-label=\" (s\u2019ouvre dans un nouvel onglet)\">lappeldelaventure<\/a><\/p>\n\n\n\n<hr class=\"wp-block-separator\"\/>\n\n\n\n<p>Vous avez aim\u00e9 cet \u00e9pisode? Partagez la baladodiffusion sur vos r\u00e9seaux, commentez-la et contribuez du coup \u00e0 faire entendre <em>L\u2019Appel de l\u2019aventure<\/em>.<\/p>\n\n\n\n<p>Et vous aimez VRAIMENT notre projet, principal podcast plein air ind\u00e9pendant au Qu\u00e9bec? Faites une diff\u00e9rence:&nbsp;<a href=\"https:\/\/gate.sc\/?url=http%3A%2F%2Fwww.jsmassicotte.com%2Flappeldelaventure%2Fsupportez-le-podcast&amp;token=a18d17-1-1563816693023\" rel=\"noreferrer noopener\" target=\"_blank\">www.jsmassicotte.com\/lappeldelavent\u2026tez-le-podcast<\/a><\/p>\n","protected":false},"excerpt":{"rendered":"<p>Au programme de l&rsquo;\u00e9pisode 05 de L&rsquo;Appel de l&rsquo;aventure, un entretien avec le sp\u00e9cialiste de la survie Andr\u00e9-Fran\u00e7ois Bourbeau, qui revient tout juste d&rsquo;un tour du monde de 100 jours arm\u00e9 seulement d&rsquo;un sac de 7 kg, puis on jase du concept de micro aventures en compagnie de Joanie St-Pierre (www.timoussedansbrousse.com), notre chroniqueuse famille. \u00c9pisode &hellip; <\/p>\n<p class=\"link-more\"><a href=\"http:\/\/www.jsmassicotte.com\/lappeldelaventure\/2019\/07\/22\/episode-05-le-tour-du-monde-dandre-francois-bourbeau-et-micro-aventures-avec-joanie-st-pierre\/\" class=\"more-link\">Continuer la lecture<span class=\"screen-reader-text\"> de &laquo; \u00c9pisode 05 \/ Le tour du monde d&rsquo;Andr\u00e9-Fran\u00e7ois Bourbeau et micro aventures avec Joanie St-Pierre &raquo;<\/span><\/a><\/p>\n","protected":false},"author":1,"featured_media":0,"comment_status":"open","ping_status":"open","sticky":false,"template":"","format":"standard","meta":{"footnotes":""},"categories":[7,2,13,26,25,21,30],"tags":[],"class_list":["post-789","post","type-post","status-publish","format-standard","hentry","category-actualites","category-baladodiffusion","category-entrevue","category-recit","category-sebastien-lapierre","category-ti-mousse-dans-brousse","category-voyage"],"_links":{"self":[{"href":"http:\/\/www.jsmassicotte.com\/lappeldelaventure\/wp-json\/wp\/v2\/posts\/789","targetHints":{"allow":["GET"]}}],"collection":[{"href":"http:\/\/www.jsmassicotte.com\/lappeldelaventure\/wp-json\/wp\/v2\/posts"}],"about":[{"href":"http:\/\/www.jsmassicotte.com\/lappeldelaventure\/wp-json\/wp\/v2\/types\/post"}],"author":[{"embeddable":true,"href":"http:\/\/www.jsmassicotte.com\/lappeldelaventure\/wp-json\/wp\/v2\/users\/1"}],"replies":[{"embeddable":true,"href":"http:\/\/www.jsmassicotte.com\/lappeldelaventure\/wp-json\/wp\/v2\/comments?post=789"}],"version-history":[{"count":2,"href":"http:\/\/www.jsmassicotte.com\/lappeldelaventure\/wp-json\/wp\/v2\/posts\/789\/revisions"}],"predecessor-version":[{"id":791,"href":"http:\/\/www.jsmassicotte.com\/lappeldelaventure\/wp-json\/wp\/v2\/posts\/789\/revisions\/791"}],"wp:attachment":[{"href":"http:\/\/www.jsmassicotte.com\/lappeldelaventure\/wp-json\/wp\/v2\/media?parent=789"}],"wp:term":[{"taxonomy":"category","embeddable":true,"href":"http:\/\/www.jsmassicotte.com\/lappeldelaventure\/wp-json\/wp\/v2\/categories?post=789"},{"taxonomy":"post_tag","embeddable":true,"href":"http:\/\/www.jsmassicotte.com\/lappeldelaventure\/wp-json\/wp\/v2\/tags?post=789"}],"curies":[{"name":"wp","href":"https:\/\/api.w.org\/{rel}","templated":true}]}}