{"id":838,"date":"2019-08-14T10:06:39","date_gmt":"2019-08-14T14:06:39","guid":{"rendered":"http:\/\/www.jsmassicotte.com\/lappeldelaventure\/?p=838"},"modified":"2019-08-19T16:16:01","modified_gmt":"2019-08-19T20:16:01","slug":"en-action-au-defi-kayak-desgagnes","status":"publish","type":"post","link":"http:\/\/www.jsmassicotte.com\/lappeldelaventure\/2019\/08\/14\/en-action-au-defi-kayak-desgagnes\/","title":{"rendered":"En action au D\u00e9fi kayak Desgagn\u00e9s!"},"content":{"rendered":"\n<p class=\"has-drop-cap has-medium-font-size\">Question de ne rien rater de l&rsquo;action, S\u00e9bastien et moi-m\u00eame seront parmi les 150 kayakistes du 5e D\u00e9fi kayak Desgagn\u00e9s entre Montr\u00e9al et Qu\u00e9bec.<\/p>\n\n\n\n<iframe loading=\"lazy\" src=\"https:\/\/www.facebook.com\/plugins\/post.php?href=https%3A%2F%2Fwww.facebook.com%2FjsmassicottePRO%2Fposts%2F860520840684555%3A0&#038;width=500\" width=\"500\" height=\"510\" style=\"border:none;overflow:hidden\" scrolling=\"no\" frameborder=\"0\" allowTransparency=\"true\" allow=\"encrypted-media\"><\/iframe>\n\n\n\n<p>Du 15 au 18 ao\u00fbt, nous allons affectuer 250 km au fil de l&rsquo;eau pour le b\u00e9n\u00e9fice de l&rsquo;organisme <a rel=\"noreferrer noopener\" aria-label=\"Jeunes musiciens du monde (s\u2019ouvre dans un nouvel onglet)\" href=\"https:\/\/jeunesmusiciensdumonde.org\" target=\"_blank\">Jeunes musiciens du monde<\/a>.<\/p>\n\n\n\n<p>Il s&rsquo;agira pour nous deux de notre troisi\u00e8me participation au <a rel=\"noreferrer noopener\" aria-label=\"D\u00e9fi (s\u2019ouvre dans un nouvel onglet)\" href=\"http:\/\/defikayak.org\" target=\"_blank\">D\u00e9fi kayak<\/a>. <\/p>\n\n\n\n<p>Int\u00e9gr\u00e9s \u00e0 l&rsquo;\u00e9quipe d&rsquo;encadreurs, nous allons n\u00e9anmoins vous partager nos aventures sur les r\u00e9seaux sociaux (Facebook et Instagram), accessibles notamment dans les fen\u00eatres de la page d&rsquo;accueil du blogue.<\/p>\n\n\n\n<p>Nous travaillons \u00e9galement sur un \u00e9pisode sp\u00e9cial de <a rel=\"noreferrer noopener\" aria-label=\"notre podcast L'Appel de l'aventure (s\u2019ouvre dans un nouvel onglet)\" href=\"https:\/\/soundcloud.com\/lappeldelaventure\" target=\"_blank\">notre podcast <\/a><em><a rel=\"noreferrer noopener\" aria-label=\"notre podcast L'Appel de l'aventure (s\u2019ouvre dans un nouvel onglet)\" href=\"https:\/\/soundcloud.com\/lappeldelaventure\" target=\"_blank\">L&rsquo;Appel de l&rsquo;aventure<\/a><\/em>, pour souligner les cinq ans du D\u00e9fi. Ce sera \u00e0 surveiller!<\/p>\n\n\n\n<p>En attendant, l&rsquo;\u00e9pisode 07 de la baladodiffusion est d\u00e9j\u00e0 accessible sur vos plateformes pr\u00e9f\u00e9r\u00e9es!<\/p>\n\n\n\n<iframe loading=\"lazy\" width=\"100%\" height=\"166\" scrolling=\"no\" frameborder=\"no\" allow=\"autoplay\" src=\"https:\/\/w.soundcloud.com\/player\/?url=https%3A\/\/api.soundcloud.com\/tracks\/665505143&amp;color=%23ff5500&amp;auto_play=true&amp;hide_related=false&amp;show_comments=true&amp;show_user=true&amp;show_reposts=false&amp;show_teaser=true\"><\/iframe>\n\n\n\n<p>Dans un premier temps le sp\u00e9cialiste de la survie Andr\u00e9-Fran\u00e7ois Bourbeau nous revient dans un segment in\u00e9dit de l&rsquo;entretien qu&rsquo;il nous avait accord\u00e9 \u00e0 <a rel=\"noreferrer noopener\" aria-label=\"l'\u00e9pisode 05 (s\u2019ouvre dans un nouvel onglet)\" href=\"https:\/\/soundcloud.com\/lappeldelaventure\/jsm-lappel-ep05-1\" target=\"_blank\">l&rsquo;\u00e9pisode 05<\/a>. Il nous raconte sa participation au r\u00e9cent <a rel=\"noreferrer noopener\" aria-label=\"Global Bushcraft Symposium (s\u2019ouvre dans un nouvel onglet)\" href=\"https:\/\/bushcraftsymposium.com\" target=\"_blank\">Global Bushcraft Symposium<\/a>. Et il est m\u00eame question de Bear Grylls!<\/p>\n\n\n\n<p>Puis, question d&rsquo;\u00eatre dans l&rsquo;ambiance du D\u00e9fi kayak, le pagayeur de Charlevoix Martin Valli\u00e8res nous am\u00e8ne avec lui sur la Basse-C\u00f4te-Nord et au Labrador.<\/p>\n\n\n\n<p>Bonne \u00e9coute!<\/p>\n\n\n\n<iframe loading=\"lazy\" src=\"https:\/\/www.facebook.com\/plugins\/video.php?href=https%3A%2F%2Fwww.facebook.com%2FExhibitionBigLandCoast%2Fvideos%2F339499846973580%2F&#038;show_text=0&#038;width=267\" width=\"267\" height=\"476\" style=\"border:none;overflow:hidden\" scrolling=\"no\" frameborder=\"0\" allowTransparency=\"true\" allowFullScreen=\"true\"><\/iframe>\n\n\n\n<hr class=\"wp-block-separator\"\/>\n\n\n\n<p><em><strong>D\u00e9couvrez la baladodiffusion&nbsp;<\/strong><\/em><strong>L\u2019Appel de l\u2019aventure&nbsp;<\/strong><em><strong>sur&nbsp;<\/strong><\/em><a rel=\"noreferrer noopener\" href=\"http:\/\/feeds.soundcloud.com\/users\/soundcloud:users:614904471\/sounds.rss\" target=\"_blank\"><em><strong>Soundcloud<\/strong><\/em><\/a><em><strong>,&nbsp;<a rel=\"noreferrer noopener\" href=\"https:\/\/open.spotify.com\/show\/79LCl2xA2ChNECrNpk2kyp?si=eekuJwyrRU-NuIBX4V3nBA\" target=\"_blank\">Spotify<\/a>,&nbsp;<\/strong><\/em><a rel=\"noreferrer noopener\" href=\"https:\/\/podcasts.apple.com\/ca\/podcast\/lappel-de-laventure-votre-balado-plein-air\/id1465034906\" target=\"_blank\"><em><strong>iTunes<\/strong><\/em><\/a><em><strong>,&nbsp;<a rel=\"noreferrer noopener\" href=\"https:\/\/playmusic.app.goo.gl\/?ibi=com.google.PlayMusic&amp;isi=691797987&amp;ius=googleplaymusic&amp;apn=com.google.android.music&amp;link=https:\/\/play.google.com\/music\/m\/I5r6vthsfwnlkdo2ioy4wqbu6ba?t%3DL'Appel_de_l'aventure_-_Votre_balado_plein_air%26pcampaignid%3DMKT-na-all-co-pr-mu-pod-16\" target=\"_blank\">Google Play Music<\/a>&nbsp;ou \u00e0&nbsp;<\/strong><\/em><a rel=\"noreferrer noopener\" href=\"http:\/\/JSMassicotte.info\" target=\"_blank\"><em><strong>JSMassicotte.info<\/strong><\/em><\/a><em><strong>.<\/strong><\/em><\/p>\n","protected":false},"excerpt":{"rendered":"<p>Question de ne rien rater de l&rsquo;action, S\u00e9bastien et moi-m\u00eame seront parmi les 150 kayakistes du 5e D\u00e9fi kayak Desgagn\u00e9s entre Montr\u00e9al et Qu\u00e9bec. Du 15 au 18 ao\u00fbt, nous allons affectuer 250 km au fil de l&rsquo;eau pour le b\u00e9n\u00e9fice de l&rsquo;organisme Jeunes musiciens du monde. Il s&rsquo;agira pour nous deux de notre troisi\u00e8me &hellip; <\/p>\n<p class=\"link-more\"><a href=\"http:\/\/www.jsmassicotte.com\/lappeldelaventure\/2019\/08\/14\/en-action-au-defi-kayak-desgagnes\/\" class=\"more-link\">Continuer la lecture<span class=\"screen-reader-text\"> de &laquo; En action au D\u00e9fi kayak Desgagn\u00e9s! &raquo;<\/span><\/a><\/p>\n","protected":false},"author":1,"featured_media":0,"comment_status":"open","ping_status":"open","sticky":false,"template":"","format":"standard","meta":{"footnotes":""},"categories":[7,2,6,32,13,8,34,25],"tags":[],"class_list":["post-838","post","type-post","status-publish","format-standard","hentry","category-actualites","category-baladodiffusion","category-blogue","category-decouverte","category-entrevue","category-expedition","category-kayak","category-sebastien-lapierre"],"_links":{"self":[{"href":"http:\/\/www.jsmassicotte.com\/lappeldelaventure\/wp-json\/wp\/v2\/posts\/838","targetHints":{"allow":["GET"]}}],"collection":[{"href":"http:\/\/www.jsmassicotte.com\/lappeldelaventure\/wp-json\/wp\/v2\/posts"}],"about":[{"href":"http:\/\/www.jsmassicotte.com\/lappeldelaventure\/wp-json\/wp\/v2\/types\/post"}],"author":[{"embeddable":true,"href":"http:\/\/www.jsmassicotte.com\/lappeldelaventure\/wp-json\/wp\/v2\/users\/1"}],"replies":[{"embeddable":true,"href":"http:\/\/www.jsmassicotte.com\/lappeldelaventure\/wp-json\/wp\/v2\/comments?post=838"}],"version-history":[{"count":5,"href":"http:\/\/www.jsmassicotte.com\/lappeldelaventure\/wp-json\/wp\/v2\/posts\/838\/revisions"}],"predecessor-version":[{"id":844,"href":"http:\/\/www.jsmassicotte.com\/lappeldelaventure\/wp-json\/wp\/v2\/posts\/838\/revisions\/844"}],"wp:attachment":[{"href":"http:\/\/www.jsmassicotte.com\/lappeldelaventure\/wp-json\/wp\/v2\/media?parent=838"}],"wp:term":[{"taxonomy":"category","embeddable":true,"href":"http:\/\/www.jsmassicotte.com\/lappeldelaventure\/wp-json\/wp\/v2\/categories?post=838"},{"taxonomy":"post_tag","embeddable":true,"href":"http:\/\/www.jsmassicotte.com\/lappeldelaventure\/wp-json\/wp\/v2\/tags?post=838"}],"curies":[{"name":"wp","href":"https:\/\/api.w.org\/{rel}","templated":true}]}}