{"id":959,"date":"2019-09-17T15:57:44","date_gmt":"2019-09-17T19:57:44","guid":{"rendered":"http:\/\/www.jsmassicotte.com\/lappeldelaventure\/?p=959"},"modified":"2019-09-19T11:46:01","modified_gmt":"2019-09-19T15:46:01","slug":"episode-09-55-sommets-avec-francois-guy-thivierge-et-limportance-de-la-prise-de-risques-chez-petits-et-grands-avec-joanie-st-pierre","status":"publish","type":"post","link":"http:\/\/www.jsmassicotte.com\/lappeldelaventure\/2019\/09\/17\/episode-09-55-sommets-avec-francois-guy-thivierge-et-limportance-de-la-prise-de-risques-chez-petits-et-grands-avec-joanie-st-pierre\/","title":{"rendered":"\u00c9pisode 09 \/ 55 sommets avec Fran\u00e7ois-Guy Thivierge et la prise de risques chez petits et grands avec Joanie St-Pierre"},"content":{"rendered":"\n<p class=\"has-drop-cap has-medium-font-size\">Le risque est au coeur du plus r\u00e9cent \u00e9pisode de <em>L&rsquo;Appel de l&rsquo;aventure<\/em>. <\/p>\n\n\n\n<p>Au programme de l&rsquo;\u00e9pisode 09, d&rsquo;abord une rencontre avec les grimpeurs Fran\u00e7ois-Guy Thivierge et Jean-Fran\u00e7ois Girard, qui amor\u00e7aient ensemble le projet d&rsquo;envergure 55 sommets en 55 mois pour souligner les 55 ans de Thivierge.<\/p>\n\n\n\n<figure class=\"wp-block-image\"><img loading=\"lazy\" decoding=\"async\" width=\"1024\" height=\"782\" src=\"http:\/\/www.jsmassicotte.com\/lappeldelaventure\/wp-content\/uploads\/2019\/09\/IMG_2272-1024x782.jpg\" alt=\"\" class=\"wp-image-962\" srcset=\"http:\/\/www.jsmassicotte.com\/lappeldelaventure\/wp-content\/uploads\/2019\/09\/IMG_2272-1024x782.jpg 1024w, http:\/\/www.jsmassicotte.com\/lappeldelaventure\/wp-content\/uploads\/2019\/09\/IMG_2272-300x229.jpg 300w, http:\/\/www.jsmassicotte.com\/lappeldelaventure\/wp-content\/uploads\/2019\/09\/IMG_2272-768x586.jpg 768w\" sizes=\"auto, (max-width: 767px) 89vw, (max-width: 1000px) 54vw, (max-width: 1071px) 543px, 580px\" \/><figcaption>Les grimpeurs Fran\u00e7ois-Guy Thivierge et Jean-Fran\u00e7ois Girard \u2014 Photo Jean-S\u00e9bastien Massicotte<\/figcaption><\/figure>\n\n\n\n<p>L&rsquo;aventure, l&rsquo;amiti\u00e9, la prise de risques et le fait de grimper sur des voies mythiques: Fran\u00e7ois-Guy Thivierge et Jean-Fran\u00e7ois Girard racontent leur association qui les a men\u00e9s notamment dans les Alpes pour amorcer la collecte de sommets.<\/p>\n\n\n\n<iframe loading=\"lazy\" src=\"https:\/\/www.facebook.com\/plugins\/post.php?href=https%3A%2F%2Fwww.facebook.com%2Fphoto.php%3Ffbid%3D10162338781435445%26set%3Da.10150194959895445%26type%3D3&#038;width=500\" width=\"500\" height=\"502\" style=\"border:none;overflow:hidden\" scrolling=\"no\" frameborder=\"0\" allowTransparency=\"true\" allow=\"encrypted-media\"><\/iframe>\n\n\n\n<p>Puis, notre collaboratrice famille Joanie St-Pierre (<a rel=\"noreferrer noopener\" href=\"https:\/\/gate.sc\/?url=http%3A%2F%2Fwww.timoussedansbrousse.com&amp;token=903daf-1-1568749381999\" target=\"_blank\">www.timoussedansbrousse.com<\/a>) nous explique pourquoi (et comment) la prise de risques est souhaitable pour petits&#8230; et grands. <\/p>\n\n\n\n<p>Faut-il risquer&#8230; le risque? Une discussion fort int\u00e9ressante truff\u00e9e d&rsquo;exemples concrets et de donn\u00e9es tir\u00e9es d&rsquo;\u00e9tudes. <\/p>\n\n\n\n<iframe loading=\"lazy\" width=\"100%\" height=\"166\" scrolling=\"no\" frameborder=\"no\" allow=\"autoplay\" src=\"https:\/\/w.soundcloud.com\/player\/?url=https%3A\/\/api.soundcloud.com\/tracks\/680617682&amp;color=%23ff5500&amp;auto_play=true&amp;hide_related=true&amp;show_comments=false&amp;show_user=true&amp;show_reposts=false&amp;show_teaser=false\"><\/iframe>\n\n\n\n<p>\u00c9pisode pr\u00e9sent\u00e9 en collaboration avec&nbsp;<a href=\"https:\/\/gate.sc\/?url=http%3A%2F%2Fwww.arcteryx.com&amp;token=736c9d-1-1568749381999\" rel=\"noreferrer noopener\" target=\"_blank\">www.arcteryx.com<\/a>, en partenariat avec la boutique&nbsp;<a href=\"https:\/\/gate.sc\/?url=http%3A%2F%2Fwww.pagaiequebec.com&amp;token=65ba29-1-1568749381999\" rel=\"noreferrer noopener\" target=\"_blank\">www.pagaiequebec.com<\/a><\/p>\n\n\n\n<hr class=\"wp-block-separator\"\/>\n\n\n\n<p>Podcast h\u00e9berg\u00e9 sur Soundcloud: @<a href=\"https:\/\/soundcloud.com\/lappeldelaventure\">lappeldelaventure<\/a><\/p>\n\n\n\n<p>Vous avez aim\u00e9 cet \u00e9pisode? Partagez la baladodiffusion sur vos r\u00e9seaux, commentez-la et contribuez du coup \u00e0 faire entendre L\u2019Appel de l\u2019aventure.<\/p>\n\n\n\n<p>Et vous aimez VRAIMENT notre projet, principal podcast plein air ind\u00e9pendant au Qu\u00e9bec? Faites une diff\u00e9rence:&nbsp;<a href=\"https:\/\/gate.sc\/?url=http%3A%2F%2Fwww.jsmassicotte.com%2Flappeldelavent%E2%80%A6tez-le-podcast&amp;token=97047c-1-1568749381999\" rel=\"noreferrer noopener\" target=\"_blank\">www.jsmassicotte.com\/lappeldelavent\u2026tez-le-podcast<\/a><\/p>\n","protected":false},"excerpt":{"rendered":"<p>Le risque est au coeur du plus r\u00e9cent \u00e9pisode de L&rsquo;Appel de l&rsquo;aventure. Au programme de l&rsquo;\u00e9pisode 09, d&rsquo;abord une rencontre avec les grimpeurs Fran\u00e7ois-Guy Thivierge et Jean-Fran\u00e7ois Girard, qui amor\u00e7aient ensemble le projet d&rsquo;envergure 55 sommets en 55 mois pour souligner les 55 ans de Thivierge. L&rsquo;aventure, l&rsquo;amiti\u00e9, la prise de risques et le &hellip; <\/p>\n<p class=\"link-more\"><a href=\"http:\/\/www.jsmassicotte.com\/lappeldelaventure\/2019\/09\/17\/episode-09-55-sommets-avec-francois-guy-thivierge-et-limportance-de-la-prise-de-risques-chez-petits-et-grands-avec-joanie-st-pierre\/\" class=\"more-link\">Continuer la lecture<span class=\"screen-reader-text\"> de &laquo; \u00c9pisode 09 \/ 55 sommets avec Fran\u00e7ois-Guy Thivierge et la prise de risques chez petits et grands avec Joanie St-Pierre &raquo;<\/span><\/a><\/p>\n","protected":false},"author":1,"featured_media":0,"comment_status":"open","ping_status":"open","sticky":false,"template":"","format":"standard","meta":{"footnotes":""},"categories":[7,2,13,23,8,19,25,21,30],"tags":[],"class_list":["post-959","post","type-post","status-publish","format-standard","hentry","category-actualites","category-baladodiffusion","category-entrevue","category-escalade","category-expedition","category-famille","category-sebastien-lapierre","category-ti-mousse-dans-brousse","category-voyage"],"_links":{"self":[{"href":"http:\/\/www.jsmassicotte.com\/lappeldelaventure\/wp-json\/wp\/v2\/posts\/959","targetHints":{"allow":["GET"]}}],"collection":[{"href":"http:\/\/www.jsmassicotte.com\/lappeldelaventure\/wp-json\/wp\/v2\/posts"}],"about":[{"href":"http:\/\/www.jsmassicotte.com\/lappeldelaventure\/wp-json\/wp\/v2\/types\/post"}],"author":[{"embeddable":true,"href":"http:\/\/www.jsmassicotte.com\/lappeldelaventure\/wp-json\/wp\/v2\/users\/1"}],"replies":[{"embeddable":true,"href":"http:\/\/www.jsmassicotte.com\/lappeldelaventure\/wp-json\/wp\/v2\/comments?post=959"}],"version-history":[{"count":3,"href":"http:\/\/www.jsmassicotte.com\/lappeldelaventure\/wp-json\/wp\/v2\/posts\/959\/revisions"}],"predecessor-version":[{"id":964,"href":"http:\/\/www.jsmassicotte.com\/lappeldelaventure\/wp-json\/wp\/v2\/posts\/959\/revisions\/964"}],"wp:attachment":[{"href":"http:\/\/www.jsmassicotte.com\/lappeldelaventure\/wp-json\/wp\/v2\/media?parent=959"}],"wp:term":[{"taxonomy":"category","embeddable":true,"href":"http:\/\/www.jsmassicotte.com\/lappeldelaventure\/wp-json\/wp\/v2\/categories?post=959"},{"taxonomy":"post_tag","embeddable":true,"href":"http:\/\/www.jsmassicotte.com\/lappeldelaventure\/wp-json\/wp\/v2\/tags?post=959"}],"curies":[{"name":"wp","href":"https:\/\/api.w.org\/{rel}","templated":true}]}}