{"id":1,"name":"Jean-S\u00e9bastien Massicotte","url":"http:\/\/www.jsmassicotte.com","description":"Journaliste pendant 15 ans au quotidien <em>Le Soleil<\/em>, \u00e0 Qu\u00e9bec, Jean-S\u00e9bastien Massicotte a sign\u00e9 la chronique et anim\u00e9 le blogue Plein Air de ce journal de 2011 \u00e0 2018. D\u00e9sormais chroniqueur plein air et cr\u00e9ateur de contenu d'aventure ind\u00e9pendant, il est \u00e0 la barre du podcast <em>L'Appel de l'aventure<\/em>. Et comme toujours, l\u2019Abitibien d'origine ne rate jamais l\u2019occasion de passer \u00e0 l\u2019action pour le b\u00e9n\u00e9fice d\u2019une bonne histoire.","link":"http:\/\/www.jsmassicotte.com\/lappeldelaventure\/author\/godaddy\/","slug":"godaddy","avatar_urls":{"24":"https:\/\/secure.gravatar.com\/avatar\/82c21d4ce05c1946b02214bc538e7623fc6789f63abc15d3a51241779147f966?s=24&d=mm&r=g","48":"https:\/\/secure.gravatar.com\/avatar\/82c21d4ce05c1946b02214bc538e7623fc6789f63abc15d3a51241779147f966?s=48&d=mm&r=g","96":"https:\/\/secure.gravatar.com\/avatar\/82c21d4ce05c1946b02214bc538e7623fc6789f63abc15d3a51241779147f966?s=96&d=mm&r=g"},"meta":[],"_links":{"self":[{"href":"http:\/\/www.jsmassicotte.com\/lappeldelaventure\/wp-json\/wp\/v2\/users\/1","targetHints":{"allow":["GET"]}}],"collection":[{"href":"http:\/\/www.jsmassicotte.com\/lappeldelaventure\/wp-json\/wp\/v2\/users"}]}}